{"id":10709,"date":"2016-11-20T08:19:07","date_gmt":"2016-11-20T07:19:07","guid":{"rendered":"https:\/\/www.revistarambla.com\/?p=10709"},"modified":"2022-10-21T17:35:34","modified_gmt":"2022-10-21T15:35:34","slug":"el-payaso-de-mcdonalss-o-el-entierro-de-la-democracia","status":"publish","type":"post","link":"https:\/\/www.revistarambla.com\/en\/el-payaso-de-mcdonalss-o-el-entierro-de-la-democracia\/","title":{"rendered":"El payaso de McDonals\u2019s o el entierro de la democracia"},"content":{"rendered":"<p style=\"text-align: left;\">Florencia no quiere que el payaso de McDonald\u2019s se pasee por la Piazza del Duomo. Y es que el gigante de la comida r\u00e1pida desentona con sus colores rojizos de k\u00e9tchup junto a la majestuosidad renacentista de su catedral, de modo que su alcalde, Dario Nardello, ha decidido denegar la autorizaci\u00f3n para instalar uno de estos populares establecimientos en plena joya urban\u00edstica, arquitect\u00f3nica y tur\u00edstica de la capital toscana. <img decoding=\"async\" class=\"aligncenter size-full wp-image-10710\" src=\"https:\/\/www.revistarambla.com\/wp-content\/uploads\/2016\/11\/19-11-16-Trump-1.jpg\" alt=\"19-11-16-trump-1\" width=\"850\" height=\"596\" srcset=\"https:\/\/www.revistarambla.com\/wp-content\/uploads\/2016\/11\/19-11-16-Trump-1.jpg 850w, https:\/\/www.revistarambla.com\/wp-content\/uploads\/2016\/11\/19-11-16-Trump-1-300x210.jpg 300w, https:\/\/www.revistarambla.com\/wp-content\/uploads\/2016\/11\/19-11-16-Trump-1-768x539.jpg 768w, https:\/\/www.revistarambla.com\/wp-content\/uploads\/2016\/11\/19-11-16-Trump-1-500x351.jpg 500w\" sizes=\"(max-width: 850px) 100vw, 850px\" \/><\/p>\n<p style=\"text-align: left;\">El ayuntamiento justifica la medida con una normativa que impide la apertura de locales que no ofrezcan a sus clientes productos t\u00edpicos de la regi\u00f3n. Un argumento que no parece haber convencido demasiado a la multinacional norteamericana que, seg\u00fan informa el diario brit\u00e1nico <em>The Independent<\/em>, ha respondido con un contencioso reclamando 20 millones de d\u00f3lares\u00a0 a la ciudad por los perjuicios estimados.<\/p>\n<p style=\"text-align: left;\">No poco de esta pol\u00e9mica la estamos viviendo tambi\u00e9n estos d\u00edas a prop\u00f3sito de la controvertida elecci\u00f3n de Donald Trump como pr\u00f3ximo presidente de los Estados Unidos de Am\u00e9rica. El payaso de peinado inveros\u00edmil, con su verborrea racista, chabacana y machista, se exhibe victorioso por la plaza m\u00e1s marm\u00f3rea de nuestra gran ciudad imaginaria: la democracia. Y la visi\u00f3n de tal provocaci\u00f3n resulta insufrible para los biempensantes educados en tradici\u00f3n renacentista, que no pueden contener la misma urticaria que invade la epidermis del alcalde Nardello solo de imaginar restos de hamburguesa o <em>nuggets<\/em> de pollo a los pies de las equilibradas formas de la catedral de Brunelleschi.<\/p>\n<p style=\"text-align: left;\">Los aspavientos, sin embargo, tienen algo de sobreactuado. No porque considere que no hay diferencias entre Trump y Hillary Clinton, como se apresuran al destacar los izquierdistas de turno siempre dispuestos a explicarnos la realidad sustituyendo la cr\u00edtica marxista por la frase lapidaria.\u00a0 Diferencias haylas, para lo bueno y lo malo.Pero mientras m\u00e1s nos llama la atenci\u00f3n el extravagante clown que contamina visualmente nuestras flamantes plazas, menos nos percatamos de lo cada vez m\u00e1s gentrificadas y contaminadas tur\u00edsticamente que est\u00e1n nuestros centro hist\u00f3ricos, por mucho <em>panino col Lampredoto<\/em> que podamos degustar mientras paseamos junto a los muros de Santa Maria dil Fiore.<\/p>\n<p style=\"text-align: left;\">Se trata de un fen\u00f3meno del que no se salva nuestra agonizante y maltratada plaza democr\u00e1tica. Al ciudadano de a pie, el que intenta dilucidar el futuro de su pensi\u00f3n en los posos de ese caf\u00e9 que apura antes de entrar a su trabajo cada d\u00eda m\u00e1s precario, se le est\u00e1 abocando a decidir la forma en que prefiere que se ejecute el derribo de tan apreciado centro hist\u00f3rico. Elegir entre el autoritarismo posfascista, reconfortado por el retorno aparente a la profundidad segura de la caverna, o la intemperie de una globalizaci\u00f3n que le arrebata su identidad ciudadana y social mientras traslada la toma de decisiones sobre su vida a fr\u00edas oficinas de Bruselas o a p\u00e1ramos incorp\u00f3reos en los remotos y secretos reinos de la CETA o el TTIP donde el gobierno democr\u00e1tico se sustituye por la gobernanza tecnocr\u00e1tica.<\/p>\n<p style=\"text-align: left;\">Por eso, quienes estos d\u00edas se rasgan las vestiduras, liberales o socialdem\u00f3cratas, por el resultado de las presidenciales norteamericanas son los mismos que durante los \u00faltimos treinta a\u00f1os han ido vaciando de contenido la democracia a mayor gloria de la racionalidad enloquecida del capital financiero. Quienes llevan d\u00e9cadas desmantelando nuestras d\u00e9biles protecciones sociales, hoy se escandalizan porque el payaso Trump se pasea por su privatizada Piazza del Duomo. Frente a tal provocaci\u00f3n, su reacci\u00f3n es descarnadamente clasista: responsabilizar de lo sucedido a los ignorantes, a los pobres, a los carentes de esos m\u00ednimos estudios universitarios que les permitan conocer lo correcto. Poco importa que, como destacara en <em>The Guardian<\/em> la periodista Sarah Smarsh, achacar a la clase obrera estadounidense la victoria de Trump sea un relato por demostrar. Ahora lo importante es situar definitivamente a la soberan\u00eda popular en el depravado c\u00edrculo de los sospechosos habituales siempre dispuesta a votar lo que se hab\u00eda decidido que no le conviene.<\/p>\n<p style=\"text-align: left;\">Es el problema que tienen los anteojos macroecon\u00f3micos que ciegan a nuestras \u00e9lites. Esos que les impiden ver las clarividentes ense\u00f1anzas que nos dejara Rosa Luxemburgo: cuando se niega un futuro colectivo para los pueblos, la alternativa que se cuela acostumbra a serla barbarie, aunque intente confundirnos disfrazada de payaso.<\/p>","protected":false},"excerpt":{"rendered":"<p>Florencia no quiere que el payaso de McDonald\u2019s se pasee por la Piazza del Duomo. Y es que el gigante de la comida r\u00e1pida desentona con sus colores rojizos de k\u00e9tchup junto a la majestuosidad renacentista de su catedral, de modo que su alcalde, Dario Nardello, ha decidido denegar la [&hellip;]<\/p>\n","protected":false},"author":325,"featured_media":10710,"comment_status":"open","ping_status":"open","sticky":false,"template":"","format":"standard","meta":{"footnotes":""},"categories":[72],"tags":[],"class_list":["post-10709","post","type-post","status-publish","format-standard","has-post-thumbnail","hentry","category-opinion"],"yoast_head":"<!-- This site is optimized with the Yoast SEO plugin v27.5 - https:\/\/yoast.com\/product\/yoast-seo-wordpress\/ -->\n<title>El payaso de McDonals\u2019s o el entierro de la democracia - Revista Rambla<\/title>\n<meta name=\"robots\" content=\"index, follow, max-snippet:-1, max-image-preview:large, max-video-preview:-1\" \/>\n<link rel=\"canonical\" href=\"https:\/\/www.revistarambla.com\/en\/el-payaso-de-mcdonalss-o-el-entierro-de-la-democracia\/\" \/>\n<meta property=\"og:locale\" content=\"en_GB\" \/>\n<meta property=\"og:type\" content=\"article\" \/>\n<meta property=\"og:title\" content=\"El payaso de McDonals\u2019s o el entierro de la democracia - Revista Rambla\" \/>\n<meta property=\"og:description\" content=\"Florencia no quiere que el payaso de McDonald\u2019s se pasee por la Piazza del Duomo. Y es que el gigante de la comida r\u00e1pida desentona con sus colores rojizos de k\u00e9tchup junto a la majestuosidad renacentista de su catedral, de modo que su alcalde, Dario Nardello, ha decidido denegar la [&hellip;]\" \/>\n<meta property=\"og:url\" content=\"https:\/\/www.revistarambla.com\/en\/el-payaso-de-mcdonalss-o-el-entierro-de-la-democracia\/\" \/>\n<meta property=\"og:site_name\" content=\"Revista Rambla\" \/>\n<meta property=\"article:publisher\" content=\"https:\/\/www.facebook.com\/revistarambla\/\" \/>\n<meta property=\"article:author\" content=\"https:\/\/www.facebook.com\/josemanuelrambla\/\" \/>\n<meta property=\"article:published_time\" content=\"2016-11-20T07:19:07+00:00\" \/>\n<meta property=\"article:modified_time\" content=\"2022-10-21T15:35:34+00:00\" \/>\n<meta property=\"og:image\" content=\"https:\/\/www.revistarambla.com\/wp-content\/uploads\/2016\/11\/19-11-16-Trump-1.jpg\" \/>\n\t<meta property=\"og:image:width\" content=\"850\" \/>\n\t<meta property=\"og:image:height\" content=\"596\" \/>\n\t<meta property=\"og:image:type\" content=\"image\/jpeg\" \/>\n<meta name=\"author\" content=\"Jos\u00e9 Manuel Rambla\" \/>\n<meta name=\"twitter:card\" content=\"summary_large_image\" \/>\n<meta name=\"twitter:creator\" content=\"@jmrambla\" \/>\n<meta name=\"twitter:site\" content=\"@revistarambla\" \/>\n<meta name=\"twitter:label1\" content=\"Written by\" \/>\n\t<meta name=\"twitter:data1\" content=\"Jos\u00e9 Manuel Rambla\" \/>\n\t<meta name=\"twitter:label2\" content=\"Estimated reading time\" \/>\n\t<meta name=\"twitter:data2\" content=\"4 minutes\" \/>\n<script type=\"application\/ld+json\" class=\"yoast-schema-graph\">{\"@context\":\"https:\\\/\\\/schema.org\",\"@graph\":[{\"@type\":\"Article\",\"@id\":\"https:\\\/\\\/www.revistarambla.com\\\/el-payaso-de-mcdonalss-o-el-entierro-de-la-democracia\\\/#article\",\"isPartOf\":{\"@id\":\"https:\\\/\\\/www.revistarambla.com\\\/el-payaso-de-mcdonalss-o-el-entierro-de-la-democracia\\\/\"},\"author\":{\"name\":\"Jos\u00e9 Manuel Rambla\",\"@id\":\"https:\\\/\\\/www.revistarambla.com\\\/#\\\/schema\\\/person\\\/f8e404c0293434eaf6a60da08d1123e3\"},\"headline\":\"El payaso de McDonals\u2019s o el entierro de la democracia\",\"datePublished\":\"2016-11-20T07:19:07+00:00\",\"dateModified\":\"2022-10-21T15:35:34+00:00\",\"mainEntityOfPage\":{\"@id\":\"https:\\\/\\\/www.revistarambla.com\\\/el-payaso-de-mcdonalss-o-el-entierro-de-la-democracia\\\/\"},\"wordCount\":757,\"commentCount\":0,\"publisher\":{\"@id\":\"https:\\\/\\\/www.revistarambla.com\\\/#organization\"},\"image\":{\"@id\":\"https:\\\/\\\/www.revistarambla.com\\\/el-payaso-de-mcdonalss-o-el-entierro-de-la-democracia\\\/#primaryimage\"},\"thumbnailUrl\":\"https:\\\/\\\/www.revistarambla.com\\\/wp-content\\\/uploads\\\/2016\\\/11\\\/19-11-16-Trump-1.jpg\",\"articleSection\":[\"Opiniones\"],\"inLanguage\":\"en-GB\",\"potentialAction\":[{\"@type\":\"CommentAction\",\"name\":\"Comment\",\"target\":[\"https:\\\/\\\/www.revistarambla.com\\\/el-payaso-de-mcdonalss-o-el-entierro-de-la-democracia\\\/#respond\"]}]},{\"@type\":\"WebPage\",\"@id\":\"https:\\\/\\\/www.revistarambla.com\\\/el-payaso-de-mcdonalss-o-el-entierro-de-la-democracia\\\/\",\"url\":\"https:\\\/\\\/www.revistarambla.com\\\/el-payaso-de-mcdonalss-o-el-entierro-de-la-democracia\\\/\",\"name\":\"El payaso de McDonals\u2019s o el entierro de la democracia - Revista Rambla\",\"isPartOf\":{\"@id\":\"https:\\\/\\\/www.revistarambla.com\\\/#website\"},\"primaryImageOfPage\":{\"@id\":\"https:\\\/\\\/www.revistarambla.com\\\/el-payaso-de-mcdonalss-o-el-entierro-de-la-democracia\\\/#primaryimage\"},\"image\":{\"@id\":\"https:\\\/\\\/www.revistarambla.com\\\/el-payaso-de-mcdonalss-o-el-entierro-de-la-democracia\\\/#primaryimage\"},\"thumbnailUrl\":\"https:\\\/\\\/www.revistarambla.com\\\/wp-content\\\/uploads\\\/2016\\\/11\\\/19-11-16-Trump-1.jpg\",\"datePublished\":\"2016-11-20T07:19:07+00:00\",\"dateModified\":\"2022-10-21T15:35:34+00:00\",\"breadcrumb\":{\"@id\":\"https:\\\/\\\/www.revistarambla.com\\\/el-payaso-de-mcdonalss-o-el-entierro-de-la-democracia\\\/#breadcrumb\"},\"inLanguage\":\"en-GB\",\"potentialAction\":[{\"@type\":\"ReadAction\",\"target\":[\"https:\\\/\\\/www.revistarambla.com\\\/el-payaso-de-mcdonalss-o-el-entierro-de-la-democracia\\\/\"]}]},{\"@type\":\"ImageObject\",\"inLanguage\":\"en-GB\",\"@id\":\"https:\\\/\\\/www.revistarambla.com\\\/el-payaso-de-mcdonalss-o-el-entierro-de-la-democracia\\\/#primaryimage\",\"url\":\"https:\\\/\\\/www.revistarambla.com\\\/wp-content\\\/uploads\\\/2016\\\/11\\\/19-11-16-Trump-1.jpg\",\"contentUrl\":\"https:\\\/\\\/www.revistarambla.com\\\/wp-content\\\/uploads\\\/2016\\\/11\\\/19-11-16-Trump-1.jpg\",\"width\":850,\"height\":596},{\"@type\":\"BreadcrumbList\",\"@id\":\"https:\\\/\\\/www.revistarambla.com\\\/el-payaso-de-mcdonalss-o-el-entierro-de-la-democracia\\\/#breadcrumb\",\"itemListElement\":[{\"@type\":\"ListItem\",\"position\":1,\"name\":\"Portada\",\"item\":\"https:\\\/\\\/www.revistarambla.com\\\/\"},{\"@type\":\"ListItem\",\"position\":2,\"name\":\"El payaso de McDonals\u2019s o el entierro de la democracia\"}]},{\"@type\":\"WebSite\",\"@id\":\"https:\\\/\\\/www.revistarambla.com\\\/#website\",\"url\":\"https:\\\/\\\/www.revistarambla.com\\\/\",\"name\":\"Revista Rambla Barcelona\",\"description\":\"Periodismo independiente\",\"publisher\":{\"@id\":\"https:\\\/\\\/www.revistarambla.com\\\/#organization\"},\"potentialAction\":[{\"@type\":\"SearchAction\",\"target\":{\"@type\":\"EntryPoint\",\"urlTemplate\":\"https:\\\/\\\/www.revistarambla.com\\\/?s={search_term_string}\"},\"query-input\":{\"@type\":\"PropertyValueSpecification\",\"valueRequired\":true,\"valueName\":\"search_term_string\"}}],\"inLanguage\":\"en-GB\"},{\"@type\":\"Organization\",\"@id\":\"https:\\\/\\\/www.revistarambla.com\\\/#organization\",\"name\":\"Revista Rambla\",\"url\":\"https:\\\/\\\/www.revistarambla.com\\\/\",\"logo\":{\"@type\":\"ImageObject\",\"inLanguage\":\"en-GB\",\"@id\":\"https:\\\/\\\/www.revistarambla.com\\\/#\\\/schema\\\/logo\\\/image\\\/\",\"url\":\"https:\\\/\\\/www.revistarambla.com\\\/wp-content\\\/uploads\\\/2020\\\/09\\\/banner_rambla_1900x600_BB.png\",\"contentUrl\":\"https:\\\/\\\/www.revistarambla.com\\\/wp-content\\\/uploads\\\/2020\\\/09\\\/banner_rambla_1900x600_BB.png\",\"width\":1900,\"height\":600,\"caption\":\"Revista Rambla\"},\"image\":{\"@id\":\"https:\\\/\\\/www.revistarambla.com\\\/#\\\/schema\\\/logo\\\/image\\\/\"},\"sameAs\":[\"https:\\\/\\\/www.facebook.com\\\/revistarambla\\\/\",\"https:\\\/\\\/x.com\\\/revistarambla\",\"https:\\\/\\\/www.instagram.com\\\/revista_rambla\",\"https:\\\/\\\/es.linkedin.com\\\/company\\\/revista-rambla\"]},{\"@type\":\"Person\",\"@id\":\"https:\\\/\\\/www.revistarambla.com\\\/#\\\/schema\\\/person\\\/f8e404c0293434eaf6a60da08d1123e3\",\"name\":\"Jos\u00e9 Manuel Rambla\",\"description\":\"Periodista cultural y columnista.\",\"sameAs\":[\"https:\\\/\\\/aesteladodelparaiso.com\\\/\",\"https:\\\/\\\/www.facebook.com\\\/josemanuelrambla\\\/\",\"https:\\\/\\\/x.com\\\/jmrambla\"]}]}<\/script>\n<!-- \/ Yoast SEO plugin. -->","yoast_head_json":{"title":"El payaso de McDonals\u2019s o el entierro de la democracia - Revista Rambla","robots":{"index":"index","follow":"follow","max-snippet":"max-snippet:-1","max-image-preview":"max-image-preview:large","max-video-preview":"max-video-preview:-1"},"canonical":"https:\/\/www.revistarambla.com\/en\/el-payaso-de-mcdonalss-o-el-entierro-de-la-democracia\/","og_locale":"en_GB","og_type":"article","og_title":"El payaso de McDonals\u2019s o el entierro de la democracia - Revista Rambla","og_description":"Florencia no quiere que el payaso de McDonald\u2019s se pasee por la Piazza del Duomo. Y es que el gigante de la comida r\u00e1pida desentona con sus colores rojizos de k\u00e9tchup junto a la majestuosidad renacentista de su catedral, de modo que su alcalde, Dario Nardello, ha decidido denegar la [&hellip;]","og_url":"https:\/\/www.revistarambla.com\/en\/el-payaso-de-mcdonalss-o-el-entierro-de-la-democracia\/","og_site_name":"Revista Rambla","article_publisher":"https:\/\/www.facebook.com\/revistarambla\/","article_author":"https:\/\/www.facebook.com\/josemanuelrambla\/","article_published_time":"2016-11-20T07:19:07+00:00","article_modified_time":"2022-10-21T15:35:34+00:00","og_image":[{"width":850,"height":596,"url":"https:\/\/www.revistarambla.com\/wp-content\/uploads\/2016\/11\/19-11-16-Trump-1.jpg","type":"image\/jpeg"}],"author":"Jos\u00e9 Manuel Rambla","twitter_card":"summary_large_image","twitter_creator":"@jmrambla","twitter_site":"@revistarambla","twitter_misc":{"Written by":"Jos\u00e9 Manuel Rambla","Estimated reading time":"4 minutes"},"schema":{"@context":"https:\/\/schema.org","@graph":[{"@type":"Article","@id":"https:\/\/www.revistarambla.com\/el-payaso-de-mcdonalss-o-el-entierro-de-la-democracia\/#article","isPartOf":{"@id":"https:\/\/www.revistarambla.com\/el-payaso-de-mcdonalss-o-el-entierro-de-la-democracia\/"},"author":{"name":"Jos\u00e9 Manuel Rambla","@id":"https:\/\/www.revistarambla.com\/#\/schema\/person\/f8e404c0293434eaf6a60da08d1123e3"},"headline":"El payaso de McDonals\u2019s o el entierro de la democracia","datePublished":"2016-11-20T07:19:07+00:00","dateModified":"2022-10-21T15:35:34+00:00","mainEntityOfPage":{"@id":"https:\/\/www.revistarambla.com\/el-payaso-de-mcdonalss-o-el-entierro-de-la-democracia\/"},"wordCount":757,"commentCount":0,"publisher":{"@id":"https:\/\/www.revistarambla.com\/#organization"},"image":{"@id":"https:\/\/www.revistarambla.com\/el-payaso-de-mcdonalss-o-el-entierro-de-la-democracia\/#primaryimage"},"thumbnailUrl":"https:\/\/www.revistarambla.com\/wp-content\/uploads\/2016\/11\/19-11-16-Trump-1.jpg","articleSection":["Opiniones"],"inLanguage":"en-GB","potentialAction":[{"@type":"CommentAction","name":"Comment","target":["https:\/\/www.revistarambla.com\/el-payaso-de-mcdonalss-o-el-entierro-de-la-democracia\/#respond"]}]},{"@type":"WebPage","@id":"https:\/\/www.revistarambla.com\/el-payaso-de-mcdonalss-o-el-entierro-de-la-democracia\/","url":"https:\/\/www.revistarambla.com\/el-payaso-de-mcdonalss-o-el-entierro-de-la-democracia\/","name":"El payaso de McDonals\u2019s o el entierro de la democracia - Revista Rambla","isPartOf":{"@id":"https:\/\/www.revistarambla.com\/#website"},"primaryImageOfPage":{"@id":"https:\/\/www.revistarambla.com\/el-payaso-de-mcdonalss-o-el-entierro-de-la-democracia\/#primaryimage"},"image":{"@id":"https:\/\/www.revistarambla.com\/el-payaso-de-mcdonalss-o-el-entierro-de-la-democracia\/#primaryimage"},"thumbnailUrl":"https:\/\/www.revistarambla.com\/wp-content\/uploads\/2016\/11\/19-11-16-Trump-1.jpg","datePublished":"2016-11-20T07:19:07+00:00","dateModified":"2022-10-21T15:35:34+00:00","breadcrumb":{"@id":"https:\/\/www.revistarambla.com\/el-payaso-de-mcdonalss-o-el-entierro-de-la-democracia\/#breadcrumb"},"inLanguage":"en-GB","potentialAction":[{"@type":"ReadAction","target":["https:\/\/www.revistarambla.com\/el-payaso-de-mcdonalss-o-el-entierro-de-la-democracia\/"]}]},{"@type":"ImageObject","inLanguage":"en-GB","@id":"https:\/\/www.revistarambla.com\/el-payaso-de-mcdonalss-o-el-entierro-de-la-democracia\/#primaryimage","url":"https:\/\/www.revistarambla.com\/wp-content\/uploads\/2016\/11\/19-11-16-Trump-1.jpg","contentUrl":"https:\/\/www.revistarambla.com\/wp-content\/uploads\/2016\/11\/19-11-16-Trump-1.jpg","width":850,"height":596},{"@type":"BreadcrumbList","@id":"https:\/\/www.revistarambla.com\/el-payaso-de-mcdonalss-o-el-entierro-de-la-democracia\/#breadcrumb","itemListElement":[{"@type":"ListItem","position":1,"name":"Portada","item":"https:\/\/www.revistarambla.com\/"},{"@type":"ListItem","position":2,"name":"El payaso de McDonals\u2019s o el entierro de la democracia"}]},{"@type":"WebSite","@id":"https:\/\/www.revistarambla.com\/#website","url":"https:\/\/www.revistarambla.com\/","name":"Revista Rambla Barcelona","description":"Periodismo independiente","publisher":{"@id":"https:\/\/www.revistarambla.com\/#organization"},"potentialAction":[{"@type":"SearchAction","target":{"@type":"EntryPoint","urlTemplate":"https:\/\/www.revistarambla.com\/?s={search_term_string}"},"query-input":{"@type":"PropertyValueSpecification","valueRequired":true,"valueName":"search_term_string"}}],"inLanguage":"en-GB"},{"@type":"Organization","@id":"https:\/\/www.revistarambla.com\/#organization","name":"Revista Rambla","url":"https:\/\/www.revistarambla.com\/","logo":{"@type":"ImageObject","inLanguage":"en-GB","@id":"https:\/\/www.revistarambla.com\/#\/schema\/logo\/image\/","url":"https:\/\/www.revistarambla.com\/wp-content\/uploads\/2020\/09\/banner_rambla_1900x600_BB.png","contentUrl":"https:\/\/www.revistarambla.com\/wp-content\/uploads\/2020\/09\/banner_rambla_1900x600_BB.png","width":1900,"height":600,"caption":"Revista Rambla"},"image":{"@id":"https:\/\/www.revistarambla.com\/#\/schema\/logo\/image\/"},"sameAs":["https:\/\/www.facebook.com\/revistarambla\/","https:\/\/x.com\/revistarambla","https:\/\/www.instagram.com\/revista_rambla","https:\/\/es.linkedin.com\/company\/revista-rambla"]},{"@type":"Person","@id":"https:\/\/www.revistarambla.com\/#\/schema\/person\/f8e404c0293434eaf6a60da08d1123e3","name":"Jos\u00e9 Manuel Rambla","description":"Periodista cultural y columnista.","sameAs":["https:\/\/aesteladodelparaiso.com\/","https:\/\/www.facebook.com\/josemanuelrambla\/","https:\/\/x.com\/jmrambla"]}]}},"_links":{"self":[{"href":"https:\/\/www.revistarambla.com\/en\/wp-json\/wp\/v2\/posts\/10709","targetHints":{"allow":["GET"]}}],"collection":[{"href":"https:\/\/www.revistarambla.com\/en\/wp-json\/wp\/v2\/posts"}],"about":[{"href":"https:\/\/www.revistarambla.com\/en\/wp-json\/wp\/v2\/types\/post"}],"author":[{"embeddable":true,"href":"https:\/\/www.revistarambla.com\/en\/wp-json\/wp\/v2\/users\/325"}],"replies":[{"embeddable":true,"href":"https:\/\/www.revistarambla.com\/en\/wp-json\/wp\/v2\/comments?post=10709"}],"version-history":[{"count":1,"href":"https:\/\/www.revistarambla.com\/en\/wp-json\/wp\/v2\/posts\/10709\/revisions"}],"predecessor-version":[{"id":48344,"href":"https:\/\/www.revistarambla.com\/en\/wp-json\/wp\/v2\/posts\/10709\/revisions\/48344"}],"wp:featuredmedia":[{"embeddable":true,"href":"https:\/\/www.revistarambla.com\/en\/wp-json\/wp\/v2\/media\/10710"}],"wp:attachment":[{"href":"https:\/\/www.revistarambla.com\/en\/wp-json\/wp\/v2\/media?parent=10709"}],"wp:term":[{"taxonomy":"category","embeddable":true,"href":"https:\/\/www.revistarambla.com\/en\/wp-json\/wp\/v2\/categories?post=10709"},{"taxonomy":"post_tag","embeddable":true,"href":"https:\/\/www.revistarambla.com\/en\/wp-json\/wp\/v2\/tags?post=10709"}],"curies":[{"name":"wp","href":"https:\/\/api.w.org\/{rel}","templated":true}]}}