{"id":10526,"date":"2016-11-03T08:39:22","date_gmt":"2016-11-03T06:39:22","guid":{"rendered":"https:\/\/www.revistarambla.com\/?p=10526"},"modified":"2021-04-06T19:09:16","modified_gmt":"2021-04-06T17:09:16","slug":"ahora-podem-tambien-tiene-una-nueva-propuesta-para-catalunya","status":"publish","type":"post","link":"https:\/\/www.revistarambla.com\/en\/ahora-podem-tambien-tiene-una-nueva-propuesta-para-catalunya\/","title":{"rendered":"Ahora, Podem tambi\u00e9n tiene una nueva propuesta para Catalunya"},"content":{"rendered":"<p style=\"text-align: left;\">A pocas horas de que Xavier Dom\u00e8nech presente su nuevo partido con el apoyo de Ada Colau, Podem Catalunya adelanta que tiene pensado iniciar una serie de consultas por todo el territorio catal\u00e1n para conformar un nuevo ente pol\u00edtico. Su secretario general, Albano Dante Fachin no descarta una alianza con los \u201ccomunes\u201d pero quiere hacer las cosas despacio para no darse un batacazo como los socialistas.<\/p>\n<figure id=\"attachment_10528\" aria-describedby=\"caption-attachment-10528\" style=\"width: 1039px\" class=\"wp-caption aligncenter\"><a href=\"https:\/\/www.revistarambla.com\/wp-content\/uploads\/2016\/11\/DSC_0255.jpg\"><img decoding=\"async\" class=\"wp-image-10528 size-full\" src=\"https:\/\/www.revistarambla.com\/wp-content\/uploads\/2016\/11\/DSC_0255.jpg\" alt=\"podem\" width=\"1039\" height=\"649\" srcset=\"https:\/\/www.revistarambla.com\/wp-content\/uploads\/2016\/11\/DSC_0255.jpg 1039w, https:\/\/www.revistarambla.com\/wp-content\/uploads\/2016\/11\/DSC_0255-300x187.jpg 300w, https:\/\/www.revistarambla.com\/wp-content\/uploads\/2016\/11\/DSC_0255-768x480.jpg 768w, https:\/\/www.revistarambla.com\/wp-content\/uploads\/2016\/11\/DSC_0255-1024x640.jpg 1024w, https:\/\/www.revistarambla.com\/wp-content\/uploads\/2016\/11\/DSC_0255-500x312.jpg 500w\" sizes=\"(max-width: 1039px) 100vw, 1039px\" \/><\/a><figcaption id=\"caption-attachment-10528\" class=\"wp-caption-text\">Albano Dante Fachin.<\/figcaption><\/figure>\n<p style=\"text-align: left;\">A Podemos ya le pasan todos por delante, cuando no por encima. Tanto es as\u00ed que un d\u00eda, si se descuidan, hasta el Pacma les sobrepasar\u00e1. Mientras Pablo Iglesias e I\u00f1igo Errej\u00f3n aplaud\u00edan el discurso de ERC en el Congreso preparando alianzas con los nacionalistas, Alberto Garz\u00f3n salt\u00f3 r\u00e1pido a criticar la actitud de Rufi\u00e1n. En cuanto a tensiones internas, el PSOE les gana por goleada. Y en Catalu\u00f1a, Ada Colau y Xavier Dom\u00e8nech se les est\u00e1n adelantando a la hora de construir un partido alternativo que englobe a esos catalanes de izquierdas que creen en una Catalu\u00f1a diferenciada de Espa\u00f1a. Ada Colau ya lo anunci\u00f3 hace dos semanas y hoy Xavier Dom\u00e8nech hace la presentaci\u00f3n oficial del nuevo partido. El alumno ha superado al maestro.<\/p>\n<p style=\"text-align: left;\">Pese a todo, Podem Catalunya sigue empe\u00f1ado en demostrar que ellos son los m\u00e1s democr\u00e1ticos, los m\u00e1s asamblearios y los que mejor lo hacen. Albano Dante Fachin, secretario general del partido catal\u00e1n, quiso avanzarse ayer presentando la voluntad de Podem por \u201cconformar un nuevo sujeto pol\u00edtico catal\u00e1n\u201d. Algo que suena muy parecido al \u201cNou Subjecte Pol\u00edtic Catal\u00e0 per la Nova Catalunya\u201d de los miembros de En Com\u00fa.<\/p>\n<p style=\"text-align: left;\">Dante asegura, que obviamente, van a escuchar la propuesta de los comunes, pero que, independientemente, desde Podem van a iniciar un \u201cdebate desde las bases\u201d para decidir cual ha de ser la Catalunya que quieren los ciudadanos. \u201cEs una propuesta p\u00fablica\u201d abierta tanto a los miembros de los c\u00edrculos, militantes y ciudadanos que quieran participar de este proyecto que Fachin califica como \u201cseguramente, el m\u00e1s importante al que se ha enfrentado Podem Catalunya desde su creaci\u00f3n\u201d.<\/p>\n<p style=\"text-align: left;\">Podem asegura que en su proyecto para conformar este nuevo ente pol\u00edtico \u201cno existe una hoja de ruta escrita, entre todos tendremos que descubrir este camino\u201d. Lo que no puede obviar es que Xavier Dom\u00e8nech ya ha iniciado ese camino y ma\u00f1ana echa a andar, est\u00e9 Podemos en el barco o no.<\/p>\n<p style=\"text-align: left;\">Tal vez por eso, Fachin no descarta que Podem se pueda unir al grupo de Dom\u00e8nech e incluso ver\u00eda con buenos ojos que \u00e9l fuera el l\u00edder de este nuevo sujeto pol\u00edtico. \u201cEs una persona de referencia dentro de la organizaci\u00f3n y refleja la propuesta que estamos intentando construir\u201d. \u201cEs una suerte que haya generado este consenso a su alrededor\u201d, constata. Lo que no ve Podem es que la propuesta inicial ya la ha tenido En Com\u00fa, y ya tienen claro que el l\u00edder va a ser Dom\u00e8nech, les guste o no.<\/p>\n<p style=\"text-align: left;\">Podem se ha quedado atr\u00e1s. Cuando Ada Colau estaba ya manos a la obra ideando un nuevo partido y se ha convertido en todo un referente en Catalunya, Podem se ha quedado mudo para no perjudicar la carrera de Podemos en el resto de Espa\u00f1a. Y esta tarde Xavier Dom\u00e8nech presentar\u00e1 su \u201cNou Subjecte Pol\u00edtic Catal\u00e0 per una Nova Catalunya\u201d y Podem ser\u00e1 un mero espectador y habr\u00e1 quedado varias pantallas atr\u00e1s.<\/p>\n<p style=\"text-align: left;\">\u201cTenemos en cuenta los logros y propuestas que en estos momentos ya hay encima de la mesa y estaremos atentos\u201d, aseguran. Albano Dante Fachin, por su lado, conf\u00eda en cocer este nuevo ente pol\u00edtico de manera paralela.<\/p>\n<h4 style=\"text-align: left;\">Un proceso largo<\/h4>\n<p style=\"text-align: left;\">Podem tiene previsto que la gestaci\u00f3n de este nuevo proyecto que emprenden sea de unos seis meses. El pistoletazo de salida oficial ser\u00e1 el pr\u00f3ximo s\u00e1bado 5 de noviembre en el Consejo Ciudadano de Catalu\u00f1a donde se expondr\u00e1 a todos los organismos del pa\u00eds el nuevo proyecto para que ya, \u201cel domingo o el lunes se ponga en marcha por todo el territorio\u201d.<\/p>\n<p style=\"text-align: left;\">A partir de entonces se pondr\u00e1n en marcha toda una serie de \u201cformulas organizativas que permitan a la gente tener herramientas de participaci\u00f3n en el proceso\u201d y para que todas las voces sean escuchadas. \u201cSe trata de un proceso de debate sobre Catalunya\u201d, no sobre el partido. \u201cUn plan p\u00fablico\u201d que se podr\u00e1 consultar en la web del partido, donde se expondr\u00e1n todos los documentos y propuestas que surjan de los diferentes consejos ciudadanos de los diversos puntos territoriales de Catalu\u00f1a. Pero, Fachin subraya, que deben ser cautos para \u201cno desconectar de la realidad\u201d y darle voz a las bases. La misi\u00f3n central de Podem es que \u201clas directrices surjan de abajo, de los ciudadanos\u201d y sin prisas.<\/p>\n<p style=\"text-align: left;\">Pese a que repiten constantemente que \u201cno tenemos miedo\u201d, Fachin no dej\u00f3 de remarcar la importancia \u201cde tener los mecanismos necesarios para que las decisiones se tomen siempre desde abajo\u201d y prevenir que las decisiones las acaben tomando organizaciones financieras o econ\u00f3micas\u201d. La sombra del PSOE y las, cada vez m\u00e1s crecientes, cr\u00edticas de aburguesamiento del partido parecen pesarles y \u201cno queremos correr riesgos\u201d, repiten sin cesar.<\/p>\n<h4 style=\"text-align: left;\">Cr\u00edticas al PSOE<\/h4>\n<p style=\"text-align: left;\">\u201cQueremos sentar bien las bases participativas para que no nos pase como al PSOE y un comit\u00e9 acabe tomando las decisiones por su cuenta sin consultar con sus bases\u201d. Ni siquiera conf\u00edan en poder contar al PSC \u201crebelde\u201d como aliado, porque \u201cla historia es la que es\u201d y ahora est\u00e1n sumidos en una profunda crisis.<\/p>\n<p style=\"text-align: left;\">\u201cDesde Podem necesitamos un tiempo de reflexi\u00f3n y debate\u201d para escuchar todas las voces y asegurase que el proceso se hace en las mejores condiciones posibles. Un plan que si bien no parece malo, a simple vista, se ve tard\u00edo y a rebufo de la iniciativa de Xavier Dom\u00e8nech y Ada Colau.<\/p>","protected":false},"excerpt":{"rendered":"<p>A pocas horas de que Xavier Dom\u00e8nech presente su nuevo partido con el apoyo de Ada Colau, Podem Catalunya adelanta que tiene pensado iniciar una serie de consultas por todo el territorio catal\u00e1n para conformar un nuevo ente pol\u00edtico. Su secretario general, Albano Dante Fachin no descarta una alianza con [&hellip;]<\/p>\n","protected":false},"author":3,"featured_media":10527,"comment_status":"open","ping_status":"open","sticky":false,"template":"","format":"standard","meta":{"footnotes":""},"categories":[3,59],"tags":[],"class_list":["post-10526","post","type-post","status-publish","format-standard","has-post-thumbnail","hentry","category-actualidad","category-catalunya"],"yoast_head":"<!-- This site is optimized with the Yoast SEO plugin v27.5 - https:\/\/yoast.com\/product\/yoast-seo-wordpress\/ -->\n<title>Podem tiene una nueva propuesta para Catalunya - Revista Rambla<\/title>\n<meta name=\"description\" content=\"Podem Catalunya adelanta que tiene pensado iniciar una serie de consultas por todo el territorio catal\u00e1n para conformar un nuevo ente pol\u00edtico.\" \/>\n<meta name=\"robots\" content=\"index, follow, max-snippet:-1, max-image-preview:large, max-video-preview:-1\" \/>\n<link rel=\"canonical\" href=\"https:\/\/www.revistarambla.com\/en\/ahora-podem-tambien-tiene-una-nueva-propuesta-para-catalunya\/\" \/>\n<meta property=\"og:locale\" content=\"en_GB\" \/>\n<meta property=\"og:type\" content=\"article\" \/>\n<meta property=\"og:title\" content=\"Podem tiene una nueva propuesta para Catalunya - Revista Rambla\" \/>\n<meta property=\"og:description\" content=\"Podem Catalunya adelanta que tiene pensado iniciar una serie de consultas por todo el territorio catal\u00e1n para conformar un nuevo ente pol\u00edtico.\" \/>\n<meta property=\"og:url\" content=\"https:\/\/www.revistarambla.com\/en\/ahora-podem-tambien-tiene-una-nueva-propuesta-para-catalunya\/\" \/>\n<meta property=\"og:site_name\" content=\"Revista Rambla\" \/>\n<meta property=\"article:publisher\" content=\"https:\/\/www.facebook.com\/revistarambla\/\" \/>\n<meta property=\"article:author\" content=\"https:\/\/www.facebook.com\/revistarambla\" \/>\n<meta property=\"article:published_time\" content=\"2016-11-03T06:39:22+00:00\" \/>\n<meta property=\"article:modified_time\" content=\"2021-04-06T17:09:16+00:00\" \/>\n<meta property=\"og:image\" content=\"https:\/\/i1.wp.com\/www.revistarambla.com\/wp-content\/uploads\/2016\/11\/DSC_0269.jpg?fit=850%2C545&ssl=1\" \/>\n\t<meta property=\"og:image:width\" content=\"850\" \/>\n\t<meta property=\"og:image:height\" content=\"545\" \/>\n\t<meta property=\"og:image:type\" content=\"image\/jpeg\" \/>\n<meta name=\"author\" content=\"Joan Col\u00e1s\" \/>\n<meta name=\"twitter:card\" content=\"summary_large_image\" \/>\n<meta name=\"twitter:creator\" content=\"@revistarambla\" \/>\n<meta name=\"twitter:site\" content=\"@revistarambla\" \/>\n<meta name=\"twitter:label1\" content=\"Written by\" \/>\n\t<meta name=\"twitter:data1\" content=\"Joan Col\u00e1s\" \/>\n\t<meta name=\"twitter:label2\" content=\"Estimated reading time\" \/>\n\t<meta name=\"twitter:data2\" content=\"5 minutes\" \/>\n<script type=\"application\/ld+json\" class=\"yoast-schema-graph\">{\"@context\":\"https:\\\/\\\/schema.org\",\"@graph\":[{\"@type\":\"Article\",\"@id\":\"https:\\\/\\\/www.revistarambla.com\\\/ahora-podem-tambien-tiene-una-nueva-propuesta-para-catalunya\\\/#article\",\"isPartOf\":{\"@id\":\"https:\\\/\\\/www.revistarambla.com\\\/ahora-podem-tambien-tiene-una-nueva-propuesta-para-catalunya\\\/\"},\"author\":{\"name\":\"Joan Col\u00e1s\",\"@id\":\"https:\\\/\\\/www.revistarambla.com\\\/#\\\/schema\\\/person\\\/a146a5a2550b94981a75131180e1bd9c\"},\"headline\":\"Ahora, Podem tambi\u00e9n tiene una nueva propuesta para Catalunya\",\"datePublished\":\"2016-11-03T06:39:22+00:00\",\"dateModified\":\"2021-04-06T17:09:16+00:00\",\"mainEntityOfPage\":{\"@id\":\"https:\\\/\\\/www.revistarambla.com\\\/ahora-podem-tambien-tiene-una-nueva-propuesta-para-catalunya\\\/\"},\"wordCount\":1034,\"commentCount\":0,\"publisher\":{\"@id\":\"https:\\\/\\\/www.revistarambla.com\\\/#organization\"},\"image\":{\"@id\":\"https:\\\/\\\/www.revistarambla.com\\\/ahora-podem-tambien-tiene-una-nueva-propuesta-para-catalunya\\\/#primaryimage\"},\"thumbnailUrl\":\"https:\\\/\\\/www.revistarambla.com\\\/wp-content\\\/uploads\\\/2016\\\/11\\\/DSC_0269.jpg\",\"articleSection\":[\"Actualidad\",\"Catalunya\"],\"inLanguage\":\"en-GB\",\"potentialAction\":[{\"@type\":\"CommentAction\",\"name\":\"Comment\",\"target\":[\"https:\\\/\\\/www.revistarambla.com\\\/ahora-podem-tambien-tiene-una-nueva-propuesta-para-catalunya\\\/#respond\"]}]},{\"@type\":\"WebPage\",\"@id\":\"https:\\\/\\\/www.revistarambla.com\\\/ahora-podem-tambien-tiene-una-nueva-propuesta-para-catalunya\\\/\",\"url\":\"https:\\\/\\\/www.revistarambla.com\\\/ahora-podem-tambien-tiene-una-nueva-propuesta-para-catalunya\\\/\",\"name\":\"Podem tiene una nueva propuesta para Catalunya - Revista Rambla\",\"isPartOf\":{\"@id\":\"https:\\\/\\\/www.revistarambla.com\\\/#website\"},\"primaryImageOfPage\":{\"@id\":\"https:\\\/\\\/www.revistarambla.com\\\/ahora-podem-tambien-tiene-una-nueva-propuesta-para-catalunya\\\/#primaryimage\"},\"image\":{\"@id\":\"https:\\\/\\\/www.revistarambla.com\\\/ahora-podem-tambien-tiene-una-nueva-propuesta-para-catalunya\\\/#primaryimage\"},\"thumbnailUrl\":\"https:\\\/\\\/www.revistarambla.com\\\/wp-content\\\/uploads\\\/2016\\\/11\\\/DSC_0269.jpg\",\"datePublished\":\"2016-11-03T06:39:22+00:00\",\"dateModified\":\"2021-04-06T17:09:16+00:00\",\"description\":\"Podem Catalunya adelanta que tiene pensado iniciar una serie de consultas por todo el territorio catal\u00e1n para conformar un nuevo ente pol\u00edtico.\",\"breadcrumb\":{\"@id\":\"https:\\\/\\\/www.revistarambla.com\\\/ahora-podem-tambien-tiene-una-nueva-propuesta-para-catalunya\\\/#breadcrumb\"},\"inLanguage\":\"en-GB\",\"potentialAction\":[{\"@type\":\"ReadAction\",\"target\":[\"https:\\\/\\\/www.revistarambla.com\\\/ahora-podem-tambien-tiene-una-nueva-propuesta-para-catalunya\\\/\"]}]},{\"@type\":\"ImageObject\",\"inLanguage\":\"en-GB\",\"@id\":\"https:\\\/\\\/www.revistarambla.com\\\/ahora-podem-tambien-tiene-una-nueva-propuesta-para-catalunya\\\/#primaryimage\",\"url\":\"https:\\\/\\\/www.revistarambla.com\\\/wp-content\\\/uploads\\\/2016\\\/11\\\/DSC_0269.jpg\",\"contentUrl\":\"https:\\\/\\\/www.revistarambla.com\\\/wp-content\\\/uploads\\\/2016\\\/11\\\/DSC_0269.jpg\",\"width\":850,\"height\":545},{\"@type\":\"BreadcrumbList\",\"@id\":\"https:\\\/\\\/www.revistarambla.com\\\/ahora-podem-tambien-tiene-una-nueva-propuesta-para-catalunya\\\/#breadcrumb\",\"itemListElement\":[{\"@type\":\"ListItem\",\"position\":1,\"name\":\"Portada\",\"item\":\"https:\\\/\\\/www.revistarambla.com\\\/\"},{\"@type\":\"ListItem\",\"position\":2,\"name\":\"Ahora, Podem tambi\u00e9n tiene una nueva propuesta para Catalunya\"}]},{\"@type\":\"WebSite\",\"@id\":\"https:\\\/\\\/www.revistarambla.com\\\/#website\",\"url\":\"https:\\\/\\\/www.revistarambla.com\\\/\",\"name\":\"Revista Rambla Barcelona\",\"description\":\"Periodismo independiente\",\"publisher\":{\"@id\":\"https:\\\/\\\/www.revistarambla.com\\\/#organization\"},\"potentialAction\":[{\"@type\":\"SearchAction\",\"target\":{\"@type\":\"EntryPoint\",\"urlTemplate\":\"https:\\\/\\\/www.revistarambla.com\\\/?s={search_term_string}\"},\"query-input\":{\"@type\":\"PropertyValueSpecification\",\"valueRequired\":true,\"valueName\":\"search_term_string\"}}],\"inLanguage\":\"en-GB\"},{\"@type\":\"Organization\",\"@id\":\"https:\\\/\\\/www.revistarambla.com\\\/#organization\",\"name\":\"Revista Rambla\",\"url\":\"https:\\\/\\\/www.revistarambla.com\\\/\",\"logo\":{\"@type\":\"ImageObject\",\"inLanguage\":\"en-GB\",\"@id\":\"https:\\\/\\\/www.revistarambla.com\\\/#\\\/schema\\\/logo\\\/image\\\/\",\"url\":\"https:\\\/\\\/www.revistarambla.com\\\/wp-content\\\/uploads\\\/2020\\\/09\\\/banner_rambla_1900x600_BB.png\",\"contentUrl\":\"https:\\\/\\\/www.revistarambla.com\\\/wp-content\\\/uploads\\\/2020\\\/09\\\/banner_rambla_1900x600_BB.png\",\"width\":1900,\"height\":600,\"caption\":\"Revista Rambla\"},\"image\":{\"@id\":\"https:\\\/\\\/www.revistarambla.com\\\/#\\\/schema\\\/logo\\\/image\\\/\"},\"sameAs\":[\"https:\\\/\\\/www.facebook.com\\\/revistarambla\\\/\",\"https:\\\/\\\/x.com\\\/revistarambla\",\"https:\\\/\\\/www.instagram.com\\\/revista_rambla\",\"https:\\\/\\\/es.linkedin.com\\\/company\\\/revista-rambla\"]},{\"@type\":\"Person\",\"@id\":\"https:\\\/\\\/www.revistarambla.com\\\/#\\\/schema\\\/person\\\/a146a5a2550b94981a75131180e1bd9c\",\"name\":\"Joan Col\u00e1s\",\"description\":\"Periodista.\",\"sameAs\":[\"filmsandmoreculture.blogspot.com\",\"https:\\\/\\\/www.facebook.com\\\/revistarambla\",\"https:\\\/\\\/x.com\\\/revistarambla\"]}]}<\/script>\n<!-- \/ Yoast SEO plugin. -->","yoast_head_json":{"title":"Podem tiene una nueva propuesta para Catalunya - Revista Rambla","description":"Podem Catalunya adelanta que tiene pensado iniciar una serie de consultas por todo el territorio catal\u00e1n para conformar un nuevo ente pol\u00edtico.","robots":{"index":"index","follow":"follow","max-snippet":"max-snippet:-1","max-image-preview":"max-image-preview:large","max-video-preview":"max-video-preview:-1"},"canonical":"https:\/\/www.revistarambla.com\/en\/ahora-podem-tambien-tiene-una-nueva-propuesta-para-catalunya\/","og_locale":"en_GB","og_type":"article","og_title":"Podem tiene una nueva propuesta para Catalunya - Revista Rambla","og_description":"Podem Catalunya adelanta que tiene pensado iniciar una serie de consultas por todo el territorio catal\u00e1n para conformar un nuevo ente pol\u00edtico.","og_url":"https:\/\/www.revistarambla.com\/en\/ahora-podem-tambien-tiene-una-nueva-propuesta-para-catalunya\/","og_site_name":"Revista Rambla","article_publisher":"https:\/\/www.facebook.com\/revistarambla\/","article_author":"https:\/\/www.facebook.com\/revistarambla","article_published_time":"2016-11-03T06:39:22+00:00","article_modified_time":"2021-04-06T17:09:16+00:00","og_image":[{"width":850,"height":545,"url":"https:\/\/i1.wp.com\/www.revistarambla.com\/wp-content\/uploads\/2016\/11\/DSC_0269.jpg?fit=850%2C545&ssl=1","type":"image\/jpeg"}],"author":"Joan Col\u00e1s","twitter_card":"summary_large_image","twitter_creator":"@revistarambla","twitter_site":"@revistarambla","twitter_misc":{"Written by":"Joan Col\u00e1s","Estimated reading time":"5 minutes"},"schema":{"@context":"https:\/\/schema.org","@graph":[{"@type":"Article","@id":"https:\/\/www.revistarambla.com\/ahora-podem-tambien-tiene-una-nueva-propuesta-para-catalunya\/#article","isPartOf":{"@id":"https:\/\/www.revistarambla.com\/ahora-podem-tambien-tiene-una-nueva-propuesta-para-catalunya\/"},"author":{"name":"Joan Col\u00e1s","@id":"https:\/\/www.revistarambla.com\/#\/schema\/person\/a146a5a2550b94981a75131180e1bd9c"},"headline":"Ahora, Podem tambi\u00e9n tiene una nueva propuesta para Catalunya","datePublished":"2016-11-03T06:39:22+00:00","dateModified":"2021-04-06T17:09:16+00:00","mainEntityOfPage":{"@id":"https:\/\/www.revistarambla.com\/ahora-podem-tambien-tiene-una-nueva-propuesta-para-catalunya\/"},"wordCount":1034,"commentCount":0,"publisher":{"@id":"https:\/\/www.revistarambla.com\/#organization"},"image":{"@id":"https:\/\/www.revistarambla.com\/ahora-podem-tambien-tiene-una-nueva-propuesta-para-catalunya\/#primaryimage"},"thumbnailUrl":"https:\/\/www.revistarambla.com\/wp-content\/uploads\/2016\/11\/DSC_0269.jpg","articleSection":["Actualidad","Catalunya"],"inLanguage":"en-GB","potentialAction":[{"@type":"CommentAction","name":"Comment","target":["https:\/\/www.revistarambla.com\/ahora-podem-tambien-tiene-una-nueva-propuesta-para-catalunya\/#respond"]}]},{"@type":"WebPage","@id":"https:\/\/www.revistarambla.com\/ahora-podem-tambien-tiene-una-nueva-propuesta-para-catalunya\/","url":"https:\/\/www.revistarambla.com\/ahora-podem-tambien-tiene-una-nueva-propuesta-para-catalunya\/","name":"Podem tiene una nueva propuesta para Catalunya - Revista Rambla","isPartOf":{"@id":"https:\/\/www.revistarambla.com\/#website"},"primaryImageOfPage":{"@id":"https:\/\/www.revistarambla.com\/ahora-podem-tambien-tiene-una-nueva-propuesta-para-catalunya\/#primaryimage"},"image":{"@id":"https:\/\/www.revistarambla.com\/ahora-podem-tambien-tiene-una-nueva-propuesta-para-catalunya\/#primaryimage"},"thumbnailUrl":"https:\/\/www.revistarambla.com\/wp-content\/uploads\/2016\/11\/DSC_0269.jpg","datePublished":"2016-11-03T06:39:22+00:00","dateModified":"2021-04-06T17:09:16+00:00","description":"Podem Catalunya adelanta que tiene pensado iniciar una serie de consultas por todo el territorio catal\u00e1n para conformar un nuevo ente pol\u00edtico.","breadcrumb":{"@id":"https:\/\/www.revistarambla.com\/ahora-podem-tambien-tiene-una-nueva-propuesta-para-catalunya\/#breadcrumb"},"inLanguage":"en-GB","potentialAction":[{"@type":"ReadAction","target":["https:\/\/www.revistarambla.com\/ahora-podem-tambien-tiene-una-nueva-propuesta-para-catalunya\/"]}]},{"@type":"ImageObject","inLanguage":"en-GB","@id":"https:\/\/www.revistarambla.com\/ahora-podem-tambien-tiene-una-nueva-propuesta-para-catalunya\/#primaryimage","url":"https:\/\/www.revistarambla.com\/wp-content\/uploads\/2016\/11\/DSC_0269.jpg","contentUrl":"https:\/\/www.revistarambla.com\/wp-content\/uploads\/2016\/11\/DSC_0269.jpg","width":850,"height":545},{"@type":"BreadcrumbList","@id":"https:\/\/www.revistarambla.com\/ahora-podem-tambien-tiene-una-nueva-propuesta-para-catalunya\/#breadcrumb","itemListElement":[{"@type":"ListItem","position":1,"name":"Portada","item":"https:\/\/www.revistarambla.com\/"},{"@type":"ListItem","position":2,"name":"Ahora, Podem tambi\u00e9n tiene una nueva propuesta para Catalunya"}]},{"@type":"WebSite","@id":"https:\/\/www.revistarambla.com\/#website","url":"https:\/\/www.revistarambla.com\/","name":"Revista Rambla Barcelona","description":"Periodismo independiente","publisher":{"@id":"https:\/\/www.revistarambla.com\/#organization"},"potentialAction":[{"@type":"SearchAction","target":{"@type":"EntryPoint","urlTemplate":"https:\/\/www.revistarambla.com\/?s={search_term_string}"},"query-input":{"@type":"PropertyValueSpecification","valueRequired":true,"valueName":"search_term_string"}}],"inLanguage":"en-GB"},{"@type":"Organization","@id":"https:\/\/www.revistarambla.com\/#organization","name":"Revista Rambla","url":"https:\/\/www.revistarambla.com\/","logo":{"@type":"ImageObject","inLanguage":"en-GB","@id":"https:\/\/www.revistarambla.com\/#\/schema\/logo\/image\/","url":"https:\/\/www.revistarambla.com\/wp-content\/uploads\/2020\/09\/banner_rambla_1900x600_BB.png","contentUrl":"https:\/\/www.revistarambla.com\/wp-content\/uploads\/2020\/09\/banner_rambla_1900x600_BB.png","width":1900,"height":600,"caption":"Revista Rambla"},"image":{"@id":"https:\/\/www.revistarambla.com\/#\/schema\/logo\/image\/"},"sameAs":["https:\/\/www.facebook.com\/revistarambla\/","https:\/\/x.com\/revistarambla","https:\/\/www.instagram.com\/revista_rambla","https:\/\/es.linkedin.com\/company\/revista-rambla"]},{"@type":"Person","@id":"https:\/\/www.revistarambla.com\/#\/schema\/person\/a146a5a2550b94981a75131180e1bd9c","name":"Joan Col\u00e1s","description":"Periodista.","sameAs":["filmsandmoreculture.blogspot.com","https:\/\/www.facebook.com\/revistarambla","https:\/\/x.com\/revistarambla"]}]}},"_links":{"self":[{"href":"https:\/\/www.revistarambla.com\/en\/wp-json\/wp\/v2\/posts\/10526","targetHints":{"allow":["GET"]}}],"collection":[{"href":"https:\/\/www.revistarambla.com\/en\/wp-json\/wp\/v2\/posts"}],"about":[{"href":"https:\/\/www.revistarambla.com\/en\/wp-json\/wp\/v2\/types\/post"}],"author":[{"embeddable":true,"href":"https:\/\/www.revistarambla.com\/en\/wp-json\/wp\/v2\/users\/3"}],"replies":[{"embeddable":true,"href":"https:\/\/www.revistarambla.com\/en\/wp-json\/wp\/v2\/comments?post=10526"}],"version-history":[{"count":0,"href":"https:\/\/www.revistarambla.com\/en\/wp-json\/wp\/v2\/posts\/10526\/revisions"}],"wp:featuredmedia":[{"embeddable":true,"href":"https:\/\/www.revistarambla.com\/en\/wp-json\/wp\/v2\/media\/10527"}],"wp:attachment":[{"href":"https:\/\/www.revistarambla.com\/en\/wp-json\/wp\/v2\/media?parent=10526"}],"wp:term":[{"taxonomy":"category","embeddable":true,"href":"https:\/\/www.revistarambla.com\/en\/wp-json\/wp\/v2\/categories?post=10526"},{"taxonomy":"post_tag","embeddable":true,"href":"https:\/\/www.revistarambla.com\/en\/wp-json\/wp\/v2\/tags?post=10526"}],"curies":[{"name":"wp","href":"https:\/\/api.w.org\/{rel}","templated":true}]}}