{"id":10523,"date":"2016-11-02T07:16:18","date_gmt":"2016-11-02T05:16:18","guid":{"rendered":"https:\/\/www.revistarambla.com\/?p=10523"},"modified":"2021-04-06T19:10:37","modified_gmt":"2021-04-06T17:10:37","slug":"albert-berrio-vivimos-en-una-dinamica-del-caos","status":"publish","type":"post","link":"https:\/\/www.revistarambla.com\/en\/albert-berrio-vivimos-en-una-dinamica-del-caos\/","title":{"rendered":"Albert Berrio: \u201cVivimos en una din\u00e1mica del caos\u201d"},"content":{"rendered":"<p style=\"text-align: left;\">Ya est\u00e1 hecho. Mariano Rajoy vuelve a ser presidente del Gobierno y su \u201cnueva\u201d ejecutiva volver\u00e1 a las andadas. Los mismos que aplicaron la LOMCE y que ahora han tenido que detener, que aprobaron la reforma laboral que ha precarizado la vida de las trabajadores y que ha dejado casi vac\u00eda las arcas de las pensiones.<\/p>\n<p style=\"text-align: left;\">Europa y el FMI respiran tranquilas. El Consejo Europeo lleva tiempo reclamando los 5.500 millones que se les debe y para ello volver\u00e1n aplicar recortes. El Fondo de Reservas de la Seguridad Social ya est\u00e1 temblando. Y no es para menos. Cuando entr\u00f3 el anterior gobierno su saldo era de 63.000 millones de euros, el a\u00f1o pasado ya iba por los 32.400 millones y se estima que este 2016 acabe con unos 13.500 millones de euros.<\/p>\n<p style=\"text-align: left;\"><a href=\"https:\/\/www.revistarambla.com\/wp-content\/uploads\/2016\/11\/pensiones-02.jpg\"><img decoding=\"async\" class=\"aligncenter wp-image-10518 size-full\" src=\"https:\/\/www.revistarambla.com\/wp-content\/uploads\/2016\/11\/pensiones-02.jpg\" alt=\"Albert Berrio: \u201cVivimos en una din\u00e1mica del caos\u201d pensiones\" width=\"1496\" height=\"1001\" srcset=\"https:\/\/www.revistarambla.com\/wp-content\/uploads\/2016\/11\/pensiones-02.jpg 1496w, https:\/\/www.revistarambla.com\/wp-content\/uploads\/2016\/11\/pensiones-02-300x201.jpg 300w, https:\/\/www.revistarambla.com\/wp-content\/uploads\/2016\/11\/pensiones-02-768x514.jpg 768w, https:\/\/www.revistarambla.com\/wp-content\/uploads\/2016\/11\/pensiones-02-1024x685.jpg 1024w, https:\/\/www.revistarambla.com\/wp-content\/uploads\/2016\/11\/pensiones-02-500x335.jpg 500w\" sizes=\"(max-width: 1496px) 100vw, 1496px\" \/><\/a>Pero nada parece detenerlos. Y la gente empieza a preocuparse. Los j\u00f3venes dan por hecho que no van a tener jubilaci\u00f3n, los mayores de 40 dudan si ver\u00e1n algo y los que ya la perciben van viendo como a\u00f1o a a\u00f1o, su jubilaci\u00f3n es m\u00e1s escasa para vivir.<\/p>\n<p style=\"text-align: left;\">Las teor\u00edas siguen y siguen. Tanto es as\u00ed que ya hace un tiempo corre un mail y mensaje de Whatsapp con enlaces al <strong><a href=\"https:\/\/www.wsj.com\/\">Wall Street Journal<\/a><\/strong> sobre como el Gobierno de Rajoy ha ido comprando deuda p\u00fablica espa\u00f1ola con el dinero de los fondos de pensiones. Por eso la <a href=\"https:\/\/www.revistarambla.com\/en\/\"><strong><em>Revista Rambla<\/em><\/strong><\/a> se ha puesto en contacto con <strong>Albert Berrio<\/strong>, economista, para que nos cuente que pasa con las funciones y cuales son los riesgos de estas actuaciones.<\/p>\n<p style=\"text-align: left;\"><strong>&#8211; Para aclarar las dudas que asaltan a la gente que ha recibido estos mensajes, empecemos por aclarar los rumores. \u00bfQu\u00e9 hay de cierto en lo que cuentas estos mensajes y art\u00edculos aparecidos en la prensa internacional?<\/strong><\/p>\n<p style=\"text-align: left;\"><strong>Albert Berrio<\/strong>-. Estos mensajes y art\u00edculos ya llevan unos a\u00f1os circulando y, sinceramente, es una chorrada absoluta. Hay cosas realmente m\u00e1s preocupantes.<\/p>\n<p style=\"text-align: left;\"><strong>&#8211; Pero el Gobierno est\u00e1 colg\u00e1ndose medallas reduciendo la deuda p\u00fablica mientras retira el dinero del Fondo de Reservas para la Seguridad Social.<\/strong><\/p>\n<p style=\"text-align: left;\"><strong>Albert Berrio<\/strong>-. Eso no es grave. De hecho, es un mal menor. Te cuento. Si el Gobierno, que dispone de este dinero, tuviera esos fondos sin hacer nada, no dar\u00edan fruto. Siempre ser\u00edan los mismos y cuando se saca va bajando y bajando. Muchos pa\u00edses optan para moverlos y que crezcan sus intereses.<\/p>\n<p style=\"text-align: left;\"><strong>\u00a0<\/strong><strong>&#8211; C\u00f3mo un fondo de pensiones.<\/strong><\/p>\n<p style=\"text-align: left;\"><strong>Albert Berrio<\/strong>-. Exacto. Esto es lo que hace. Pero en vez de ponerlo en un capital de riesgo o privado, algunos gobiernos compran bonos del Estado, que tienen un riesgo casi m\u00ednimo para asegurarse cierto inter\u00e9s con menos riesgo. As\u00ed salen ganando. Y se ha hecho siempre. El problema, m\u00e1s bien, ser\u00eda que se compr\u00f3 todo. \u00c9stos Fondos son producto del dinero acumulado por jubilados que no han podido disfrutar de la totalidad de su jubilaci\u00f3n porque han fallecido antes. Hubo una \u00e9poca, en que la edad de mortalidad era mayor donde se acumulaba bastante y nunca se tuvo que echar mano de \u00e9l. Y b\u00e1sicamente esos fondos se guardan para cuando se necesiten, como es el caso. Pero ahora el problema es mayor. Se est\u00e1n comiendo todas las reservas.<\/p>\n<p style=\"text-align: left;\"><strong>&#8211; De ah\u00ed que el ciudadano tema al recibir este tipo de mensajes.<\/strong><\/p>\n<p style=\"text-align: left;\"><strong>Albert Berrio<\/strong>-. L\u00f3gico. Adem\u00e1s suceden tres cosas. En primer lugar, las jubilaciones han subido, poco estos a\u00f1os, pero mucho respecto al pasado. Esto se suma a que el \u00edndice de supervivencia es mayor y han aumentado el n\u00famero de jubilados, por lo que ha subido el gasto. Y mientras esto pasa el n\u00famero de cotizantes. En segundo lugar, la reforma laboral llevada a cabo por el gobierno del Partido Popular ha provocado una gran bajada de los salarios, por lo que entra menos dinero a las arcas. Y por \u00faltimo, y no menos grave, la pol\u00edtica del PP subvenciona a las empresas que contratan libr\u00e1ndoles de pagar durante un a\u00f1o al Estado las cuotas de alta de su personal. Y este dinero por tanto, es dinero que no entra en la Seguridad Social por parte del empresario, sino que es el Estado quien ha de pagar este d\u00e9ficit i el PP lo ha dejado de hacer. Esto s\u00ed que es realmente escandaloso.<\/p>\n<p style=\"text-align: left;\"><strong>&#8211; \u00bfPero hay alguna soluci\u00f3n?<\/strong><\/p>\n<p style=\"text-align: left;\"><strong>Albert Berrio<\/strong>-. S\u00ed claro. Desde una importante reforma del mercado laboral, hasta subir el salario m\u00ednimo y los salarios en general y calcular el gasto p\u00fablico real y hacer una reforma fiscal v\u00eda presupuestos del Estado para poder subir los ingresos.<\/p>\n<p style=\"text-align: left;\"><strong>&#8211; Tambi\u00e9n hay quien apuesta por los llamados fondos de capitalizaci\u00f3n.<\/strong><\/p>\n<p style=\"text-align: left;\"><strong>Albert Berrio<\/strong>-. S\u00ed, eso es lo que les interesa a los bancos. Esa es su soluci\u00f3n para acabar con el sistema de reparto equitativo que existe hasta ahora, en el que uno recibe lo que ha cotizado.<\/p>\n<p style=\"text-align: left;\"><strong>&#8211; \u00bfY en qu\u00e9 consisten exactamente estos fondos de capitalizaci\u00f3n?<\/strong><\/p>\n<p style=\"text-align: left;\"><strong>Albert Berrio<\/strong>-. Es una soluci\u00f3n beneficiosa para los bancos y poderes econ\u00f3micos que juega en contra de los ciudadanos. Con este m\u00e9todo se pretende que el Estado invierta la cotizaci\u00f3n de todos los asalariados en fondos privados, empresas, bancos\u2026 y con el beneficio de las inversiones pagar las jubilaciones. Pero claro, hablamos de inversiones financieras que est\u00e1n sometidas a las fluctuaciones del mercado y que por tanto su valor puede tanto subir y dar beneficios como bajar y perder valor. De hecho, esto es lo que hizo Pinochet en la \u00e9poca de la dictadura y fracas\u00f3. Pero esto no ser\u00eda viable en Espa\u00f1a, porque para obtener mayores beneficios se necesita una bolsa de trabajo juvenil alta y precisamente el paro juvenil en Espa\u00f1a es el que tiene las cuotas m\u00e1s elevadas.<\/p>\n<p style=\"text-align: left;\"><strong>&#8211; La nueva propuesta del anterior gobierno en funciones fue la posibilidad de comprar el 100% de la jubilaci\u00f3n y poder seguir trabajando.<\/strong><\/p>\n<p style=\"text-align: left;\"><strong>Albert Berrio<\/strong>-. Eso tambi\u00e9n ser\u00eda beneficiar a unos pocos. A los que pasados los 65 o 67 sus condiciones laborales les permiten trabajar, y esos suelen ser los trabajos con un mayor salario: profesores, m\u00e9dicos, escritores, periodistas\u2026 Y obviamente ir\u00e1 acompa\u00f1ado de una reducci\u00f3n de las jubilaciones. Y eso har\u00e1 que las personas que no puedan trabajar y s\u00f3lo dispongan de una jubilaci\u00f3n m\u00e1s reducida vivan en peores condiciones. De hecho esto ya sucede en Estados Unidos y Alemania. En Estados Unidos apenas existe la jubilaci\u00f3n y en Alemania juegan con los minijobs. As\u00ed, las personas cuya jubilaci\u00f3n no les da para vivir tienen que acogerse, si pueden, a uno de estos minijobs para poder salir adelante. Y ya sabemos las condiciones que ofrecen estos minijobs. De hecho, esto ya se empez\u00f3 a regular en Espa\u00f1a.<\/p>\n<p style=\"text-align: left;\"><strong>&#8211; Pero todo esto parece que tiene un fin inmediato. Hay quien dice que en 2017 o 2018 las cajas de las pensiones quedar\u00e1n vac\u00edas.<\/strong><\/p>\n<p style=\"text-align: left;\"><strong>Albert Berrio<\/strong>-. Se habla del fondo de reserva y se mandan muchos de estos mensajes de p\u00e1nico expresamente, para acabar con el sistema de pensiones. De hecho, una escritora francesa ya le dio un nombre a este tipo de situaci\u00f3n que vivimos, \u201cLa din\u00e1mica del caos\u201d, en el que avanzaba una voluntad de ciertos sectores de crear una situaci\u00f3n de caos entre la poblaci\u00f3n y los altas esferas para as\u00ed hacer volar el sistema de pensiones. Porqu\u00e9 finalmente lo que se va a hacer es castigar a las pensiones altas y quitar las pagas extras y no equiparar, como ya hacen las pensiones con el IPC. As\u00ed que todas estas amenazas creo que no son m\u00e1s que esa din\u00e1mica del caos para acabar aplicando estas soluciones que s\u00f3lo beneficiar\u00e1n a unos pocos.<\/p>","protected":false},"excerpt":{"rendered":"<p>Ya est\u00e1 hecho. Mariano Rajoy vuelve a ser presidente del Gobierno y su \u201cnueva\u201d ejecutiva volver\u00e1 a las andadas. Los mismos que aplicaron la LOMCE y que ahora han tenido que detener, que aprobaron la reforma laboral que ha precarizado la vida de las trabajadores y que ha dejado casi [&hellip;]<\/p>\n","protected":false},"author":3,"featured_media":10517,"comment_status":"open","ping_status":"open","sticky":false,"template":"","format":"standard","meta":{"footnotes":""},"categories":[3,58],"tags":[],"class_list":["post-10523","post","type-post","status-publish","format-standard","has-post-thumbnail","hentry","category-actualidad","category-estado-espanol"],"yoast_head":"<!-- This site is optimized with the Yoast SEO plugin v27.5 - https:\/\/yoast.com\/product\/yoast-seo-wordpress\/ -->\n<title>Albert Berrio: \u201cVivimos en una din\u00e1mica del caos\u201d - Revista Rambla<\/title>\n<meta name=\"description\" content=\"Revista Rambla se ha puesto en contacto con Albert Berrio, economista, para que nos cuente que pasa con las funciones y cuales son los riesgos de esta...\" \/>\n<meta name=\"robots\" content=\"index, follow, max-snippet:-1, max-image-preview:large, max-video-preview:-1\" \/>\n<link rel=\"canonical\" href=\"https:\/\/www.revistarambla.com\/en\/albert-berrio-vivimos-en-una-dinamica-del-caos\/\" \/>\n<meta property=\"og:locale\" content=\"en_GB\" \/>\n<meta property=\"og:type\" content=\"article\" \/>\n<meta property=\"og:title\" content=\"Albert Berrio: \u201cVivimos en una din\u00e1mica del caos\u201d - Revista Rambla\" \/>\n<meta property=\"og:description\" content=\"Revista Rambla se ha puesto en contacto con Albert Berrio, economista, para que nos cuente que pasa con las funciones y cuales son los riesgos de esta...\" \/>\n<meta property=\"og:url\" content=\"https:\/\/www.revistarambla.com\/en\/albert-berrio-vivimos-en-una-dinamica-del-caos\/\" \/>\n<meta property=\"og:site_name\" content=\"Revista Rambla\" \/>\n<meta property=\"article:publisher\" content=\"https:\/\/www.facebook.com\/revistarambla\/\" \/>\n<meta property=\"article:author\" content=\"https:\/\/www.facebook.com\/revistarambla\" \/>\n<meta property=\"article:published_time\" content=\"2016-11-02T05:16:18+00:00\" \/>\n<meta property=\"article:modified_time\" content=\"2021-04-06T17:10:37+00:00\" \/>\n<meta property=\"og:image\" content=\"https:\/\/i0.wp.com\/www.revistarambla.com\/wp-content\/uploads\/2016\/11\/pensiones-01.jpg?fit=1520%2C984&ssl=1\" \/>\n\t<meta property=\"og:image:width\" content=\"1520\" \/>\n\t<meta property=\"og:image:height\" content=\"984\" \/>\n\t<meta property=\"og:image:type\" content=\"image\/jpeg\" \/>\n<meta name=\"author\" content=\"Joan Col\u00e1s\" \/>\n<meta name=\"twitter:card\" content=\"summary_large_image\" \/>\n<meta name=\"twitter:creator\" content=\"@revistarambla\" \/>\n<meta name=\"twitter:site\" content=\"@revistarambla\" \/>\n<meta name=\"twitter:label1\" content=\"Written by\" \/>\n\t<meta name=\"twitter:data1\" content=\"Joan Col\u00e1s\" \/>\n\t<meta name=\"twitter:label2\" content=\"Estimated reading time\" \/>\n\t<meta name=\"twitter:data2\" content=\"6 minutes\" \/>\n<script type=\"application\/ld+json\" class=\"yoast-schema-graph\">{\"@context\":\"https:\\\/\\\/schema.org\",\"@graph\":[{\"@type\":\"Article\",\"@id\":\"https:\\\/\\\/www.revistarambla.com\\\/albert-berrio-vivimos-en-una-dinamica-del-caos\\\/#article\",\"isPartOf\":{\"@id\":\"https:\\\/\\\/www.revistarambla.com\\\/albert-berrio-vivimos-en-una-dinamica-del-caos\\\/\"},\"author\":{\"name\":\"Joan Col\u00e1s\",\"@id\":\"https:\\\/\\\/www.revistarambla.com\\\/#\\\/schema\\\/person\\\/a146a5a2550b94981a75131180e1bd9c\"},\"headline\":\"Albert Berrio: \u201cVivimos en una din\u00e1mica del caos\u201d\",\"datePublished\":\"2016-11-02T05:16:18+00:00\",\"dateModified\":\"2021-04-06T17:10:37+00:00\",\"mainEntityOfPage\":{\"@id\":\"https:\\\/\\\/www.revistarambla.com\\\/albert-berrio-vivimos-en-una-dinamica-del-caos\\\/\"},\"wordCount\":1331,\"commentCount\":0,\"publisher\":{\"@id\":\"https:\\\/\\\/www.revistarambla.com\\\/#organization\"},\"image\":{\"@id\":\"https:\\\/\\\/www.revistarambla.com\\\/albert-berrio-vivimos-en-una-dinamica-del-caos\\\/#primaryimage\"},\"thumbnailUrl\":\"https:\\\/\\\/www.revistarambla.com\\\/wp-content\\\/uploads\\\/2016\\\/11\\\/pensiones-01.jpg\",\"articleSection\":[\"Actualidad\",\"Estado Espa\u00f1ol\"],\"inLanguage\":\"en-GB\",\"potentialAction\":[{\"@type\":\"CommentAction\",\"name\":\"Comment\",\"target\":[\"https:\\\/\\\/www.revistarambla.com\\\/albert-berrio-vivimos-en-una-dinamica-del-caos\\\/#respond\"]}]},{\"@type\":\"WebPage\",\"@id\":\"https:\\\/\\\/www.revistarambla.com\\\/albert-berrio-vivimos-en-una-dinamica-del-caos\\\/\",\"url\":\"https:\\\/\\\/www.revistarambla.com\\\/albert-berrio-vivimos-en-una-dinamica-del-caos\\\/\",\"name\":\"Albert Berrio: \u201cVivimos en una din\u00e1mica del caos\u201d - Revista Rambla\",\"isPartOf\":{\"@id\":\"https:\\\/\\\/www.revistarambla.com\\\/#website\"},\"primaryImageOfPage\":{\"@id\":\"https:\\\/\\\/www.revistarambla.com\\\/albert-berrio-vivimos-en-una-dinamica-del-caos\\\/#primaryimage\"},\"image\":{\"@id\":\"https:\\\/\\\/www.revistarambla.com\\\/albert-berrio-vivimos-en-una-dinamica-del-caos\\\/#primaryimage\"},\"thumbnailUrl\":\"https:\\\/\\\/www.revistarambla.com\\\/wp-content\\\/uploads\\\/2016\\\/11\\\/pensiones-01.jpg\",\"datePublished\":\"2016-11-02T05:16:18+00:00\",\"dateModified\":\"2021-04-06T17:10:37+00:00\",\"description\":\"Revista Rambla se ha puesto en contacto con Albert Berrio, economista, para que nos cuente que pasa con las funciones y cuales son los riesgos de esta...\",\"breadcrumb\":{\"@id\":\"https:\\\/\\\/www.revistarambla.com\\\/albert-berrio-vivimos-en-una-dinamica-del-caos\\\/#breadcrumb\"},\"inLanguage\":\"en-GB\",\"potentialAction\":[{\"@type\":\"ReadAction\",\"target\":[\"https:\\\/\\\/www.revistarambla.com\\\/albert-berrio-vivimos-en-una-dinamica-del-caos\\\/\"]}]},{\"@type\":\"ImageObject\",\"inLanguage\":\"en-GB\",\"@id\":\"https:\\\/\\\/www.revistarambla.com\\\/albert-berrio-vivimos-en-una-dinamica-del-caos\\\/#primaryimage\",\"url\":\"https:\\\/\\\/www.revistarambla.com\\\/wp-content\\\/uploads\\\/2016\\\/11\\\/pensiones-01.jpg\",\"contentUrl\":\"https:\\\/\\\/www.revistarambla.com\\\/wp-content\\\/uploads\\\/2016\\\/11\\\/pensiones-01.jpg\",\"width\":1520,\"height\":984},{\"@type\":\"BreadcrumbList\",\"@id\":\"https:\\\/\\\/www.revistarambla.com\\\/albert-berrio-vivimos-en-una-dinamica-del-caos\\\/#breadcrumb\",\"itemListElement\":[{\"@type\":\"ListItem\",\"position\":1,\"name\":\"Portada\",\"item\":\"https:\\\/\\\/www.revistarambla.com\\\/\"},{\"@type\":\"ListItem\",\"position\":2,\"name\":\"Albert Berrio: \u201cVivimos en una din\u00e1mica del caos\u201d\"}]},{\"@type\":\"WebSite\",\"@id\":\"https:\\\/\\\/www.revistarambla.com\\\/#website\",\"url\":\"https:\\\/\\\/www.revistarambla.com\\\/\",\"name\":\"Revista Rambla Barcelona\",\"description\":\"Periodismo independiente\",\"publisher\":{\"@id\":\"https:\\\/\\\/www.revistarambla.com\\\/#organization\"},\"potentialAction\":[{\"@type\":\"SearchAction\",\"target\":{\"@type\":\"EntryPoint\",\"urlTemplate\":\"https:\\\/\\\/www.revistarambla.com\\\/?s={search_term_string}\"},\"query-input\":{\"@type\":\"PropertyValueSpecification\",\"valueRequired\":true,\"valueName\":\"search_term_string\"}}],\"inLanguage\":\"en-GB\"},{\"@type\":\"Organization\",\"@id\":\"https:\\\/\\\/www.revistarambla.com\\\/#organization\",\"name\":\"Revista Rambla\",\"url\":\"https:\\\/\\\/www.revistarambla.com\\\/\",\"logo\":{\"@type\":\"ImageObject\",\"inLanguage\":\"en-GB\",\"@id\":\"https:\\\/\\\/www.revistarambla.com\\\/#\\\/schema\\\/logo\\\/image\\\/\",\"url\":\"https:\\\/\\\/www.revistarambla.com\\\/wp-content\\\/uploads\\\/2020\\\/09\\\/banner_rambla_1900x600_BB.png\",\"contentUrl\":\"https:\\\/\\\/www.revistarambla.com\\\/wp-content\\\/uploads\\\/2020\\\/09\\\/banner_rambla_1900x600_BB.png\",\"width\":1900,\"height\":600,\"caption\":\"Revista Rambla\"},\"image\":{\"@id\":\"https:\\\/\\\/www.revistarambla.com\\\/#\\\/schema\\\/logo\\\/image\\\/\"},\"sameAs\":[\"https:\\\/\\\/www.facebook.com\\\/revistarambla\\\/\",\"https:\\\/\\\/x.com\\\/revistarambla\",\"https:\\\/\\\/www.instagram.com\\\/revista_rambla\",\"https:\\\/\\\/es.linkedin.com\\\/company\\\/revista-rambla\"]},{\"@type\":\"Person\",\"@id\":\"https:\\\/\\\/www.revistarambla.com\\\/#\\\/schema\\\/person\\\/a146a5a2550b94981a75131180e1bd9c\",\"name\":\"Joan Col\u00e1s\",\"description\":\"Periodista.\",\"sameAs\":[\"filmsandmoreculture.blogspot.com\",\"https:\\\/\\\/www.facebook.com\\\/revistarambla\",\"https:\\\/\\\/x.com\\\/revistarambla\"]}]}<\/script>\n<!-- \/ Yoast SEO plugin. -->","yoast_head_json":{"title":"Albert Berrio: \u201cVivimos en una din\u00e1mica del caos\u201d - Revista Rambla","description":"Revista Rambla se ha puesto en contacto con Albert Berrio, economista, para que nos cuente que pasa con las funciones y cuales son los riesgos de esta...","robots":{"index":"index","follow":"follow","max-snippet":"max-snippet:-1","max-image-preview":"max-image-preview:large","max-video-preview":"max-video-preview:-1"},"canonical":"https:\/\/www.revistarambla.com\/en\/albert-berrio-vivimos-en-una-dinamica-del-caos\/","og_locale":"en_GB","og_type":"article","og_title":"Albert Berrio: \u201cVivimos en una din\u00e1mica del caos\u201d - Revista Rambla","og_description":"Revista Rambla se ha puesto en contacto con Albert Berrio, economista, para que nos cuente que pasa con las funciones y cuales son los riesgos de esta...","og_url":"https:\/\/www.revistarambla.com\/en\/albert-berrio-vivimos-en-una-dinamica-del-caos\/","og_site_name":"Revista Rambla","article_publisher":"https:\/\/www.facebook.com\/revistarambla\/","article_author":"https:\/\/www.facebook.com\/revistarambla","article_published_time":"2016-11-02T05:16:18+00:00","article_modified_time":"2021-04-06T17:10:37+00:00","og_image":[{"width":1520,"height":984,"url":"https:\/\/i0.wp.com\/www.revistarambla.com\/wp-content\/uploads\/2016\/11\/pensiones-01.jpg?fit=1520%2C984&ssl=1","type":"image\/jpeg"}],"author":"Joan Col\u00e1s","twitter_card":"summary_large_image","twitter_creator":"@revistarambla","twitter_site":"@revistarambla","twitter_misc":{"Written by":"Joan Col\u00e1s","Estimated reading time":"6 minutes"},"schema":{"@context":"https:\/\/schema.org","@graph":[{"@type":"Article","@id":"https:\/\/www.revistarambla.com\/albert-berrio-vivimos-en-una-dinamica-del-caos\/#article","isPartOf":{"@id":"https:\/\/www.revistarambla.com\/albert-berrio-vivimos-en-una-dinamica-del-caos\/"},"author":{"name":"Joan Col\u00e1s","@id":"https:\/\/www.revistarambla.com\/#\/schema\/person\/a146a5a2550b94981a75131180e1bd9c"},"headline":"Albert Berrio: \u201cVivimos en una din\u00e1mica del caos\u201d","datePublished":"2016-11-02T05:16:18+00:00","dateModified":"2021-04-06T17:10:37+00:00","mainEntityOfPage":{"@id":"https:\/\/www.revistarambla.com\/albert-berrio-vivimos-en-una-dinamica-del-caos\/"},"wordCount":1331,"commentCount":0,"publisher":{"@id":"https:\/\/www.revistarambla.com\/#organization"},"image":{"@id":"https:\/\/www.revistarambla.com\/albert-berrio-vivimos-en-una-dinamica-del-caos\/#primaryimage"},"thumbnailUrl":"https:\/\/www.revistarambla.com\/wp-content\/uploads\/2016\/11\/pensiones-01.jpg","articleSection":["Actualidad","Estado Espa\u00f1ol"],"inLanguage":"en-GB","potentialAction":[{"@type":"CommentAction","name":"Comment","target":["https:\/\/www.revistarambla.com\/albert-berrio-vivimos-en-una-dinamica-del-caos\/#respond"]}]},{"@type":"WebPage","@id":"https:\/\/www.revistarambla.com\/albert-berrio-vivimos-en-una-dinamica-del-caos\/","url":"https:\/\/www.revistarambla.com\/albert-berrio-vivimos-en-una-dinamica-del-caos\/","name":"Albert Berrio: \u201cVivimos en una din\u00e1mica del caos\u201d - Revista Rambla","isPartOf":{"@id":"https:\/\/www.revistarambla.com\/#website"},"primaryImageOfPage":{"@id":"https:\/\/www.revistarambla.com\/albert-berrio-vivimos-en-una-dinamica-del-caos\/#primaryimage"},"image":{"@id":"https:\/\/www.revistarambla.com\/albert-berrio-vivimos-en-una-dinamica-del-caos\/#primaryimage"},"thumbnailUrl":"https:\/\/www.revistarambla.com\/wp-content\/uploads\/2016\/11\/pensiones-01.jpg","datePublished":"2016-11-02T05:16:18+00:00","dateModified":"2021-04-06T17:10:37+00:00","description":"Revista Rambla se ha puesto en contacto con Albert Berrio, economista, para que nos cuente que pasa con las funciones y cuales son los riesgos de esta...","breadcrumb":{"@id":"https:\/\/www.revistarambla.com\/albert-berrio-vivimos-en-una-dinamica-del-caos\/#breadcrumb"},"inLanguage":"en-GB","potentialAction":[{"@type":"ReadAction","target":["https:\/\/www.revistarambla.com\/albert-berrio-vivimos-en-una-dinamica-del-caos\/"]}]},{"@type":"ImageObject","inLanguage":"en-GB","@id":"https:\/\/www.revistarambla.com\/albert-berrio-vivimos-en-una-dinamica-del-caos\/#primaryimage","url":"https:\/\/www.revistarambla.com\/wp-content\/uploads\/2016\/11\/pensiones-01.jpg","contentUrl":"https:\/\/www.revistarambla.com\/wp-content\/uploads\/2016\/11\/pensiones-01.jpg","width":1520,"height":984},{"@type":"BreadcrumbList","@id":"https:\/\/www.revistarambla.com\/albert-berrio-vivimos-en-una-dinamica-del-caos\/#breadcrumb","itemListElement":[{"@type":"ListItem","position":1,"name":"Portada","item":"https:\/\/www.revistarambla.com\/"},{"@type":"ListItem","position":2,"name":"Albert Berrio: \u201cVivimos en una din\u00e1mica del caos\u201d"}]},{"@type":"WebSite","@id":"https:\/\/www.revistarambla.com\/#website","url":"https:\/\/www.revistarambla.com\/","name":"Revista Rambla Barcelona","description":"Periodismo independiente","publisher":{"@id":"https:\/\/www.revistarambla.com\/#organization"},"potentialAction":[{"@type":"SearchAction","target":{"@type":"EntryPoint","urlTemplate":"https:\/\/www.revistarambla.com\/?s={search_term_string}"},"query-input":{"@type":"PropertyValueSpecification","valueRequired":true,"valueName":"search_term_string"}}],"inLanguage":"en-GB"},{"@type":"Organization","@id":"https:\/\/www.revistarambla.com\/#organization","name":"Revista Rambla","url":"https:\/\/www.revistarambla.com\/","logo":{"@type":"ImageObject","inLanguage":"en-GB","@id":"https:\/\/www.revistarambla.com\/#\/schema\/logo\/image\/","url":"https:\/\/www.revistarambla.com\/wp-content\/uploads\/2020\/09\/banner_rambla_1900x600_BB.png","contentUrl":"https:\/\/www.revistarambla.com\/wp-content\/uploads\/2020\/09\/banner_rambla_1900x600_BB.png","width":1900,"height":600,"caption":"Revista Rambla"},"image":{"@id":"https:\/\/www.revistarambla.com\/#\/schema\/logo\/image\/"},"sameAs":["https:\/\/www.facebook.com\/revistarambla\/","https:\/\/x.com\/revistarambla","https:\/\/www.instagram.com\/revista_rambla","https:\/\/es.linkedin.com\/company\/revista-rambla"]},{"@type":"Person","@id":"https:\/\/www.revistarambla.com\/#\/schema\/person\/a146a5a2550b94981a75131180e1bd9c","name":"Joan Col\u00e1s","description":"Periodista.","sameAs":["filmsandmoreculture.blogspot.com","https:\/\/www.facebook.com\/revistarambla","https:\/\/x.com\/revistarambla"]}]}},"_links":{"self":[{"href":"https:\/\/www.revistarambla.com\/en\/wp-json\/wp\/v2\/posts\/10523","targetHints":{"allow":["GET"]}}],"collection":[{"href":"https:\/\/www.revistarambla.com\/en\/wp-json\/wp\/v2\/posts"}],"about":[{"href":"https:\/\/www.revistarambla.com\/en\/wp-json\/wp\/v2\/types\/post"}],"author":[{"embeddable":true,"href":"https:\/\/www.revistarambla.com\/en\/wp-json\/wp\/v2\/users\/3"}],"replies":[{"embeddable":true,"href":"https:\/\/www.revistarambla.com\/en\/wp-json\/wp\/v2\/comments?post=10523"}],"version-history":[{"count":0,"href":"https:\/\/www.revistarambla.com\/en\/wp-json\/wp\/v2\/posts\/10523\/revisions"}],"wp:featuredmedia":[{"embeddable":true,"href":"https:\/\/www.revistarambla.com\/en\/wp-json\/wp\/v2\/media\/10517"}],"wp:attachment":[{"href":"https:\/\/www.revistarambla.com\/en\/wp-json\/wp\/v2\/media?parent=10523"}],"wp:term":[{"taxonomy":"category","embeddable":true,"href":"https:\/\/www.revistarambla.com\/en\/wp-json\/wp\/v2\/categories?post=10523"},{"taxonomy":"post_tag","embeddable":true,"href":"https:\/\/www.revistarambla.com\/en\/wp-json\/wp\/v2\/tags?post=10523"}],"curies":[{"name":"wp","href":"https:\/\/api.w.org\/{rel}","templated":true}]}}