{"id":10520,"date":"2016-11-02T07:11:14","date_gmt":"2016-11-02T06:11:14","guid":{"rendered":"https:\/\/www.revistarambla.com\/?p=10520"},"modified":"2023-12-29T13:40:30","modified_gmt":"2023-12-29T12:40:30","slug":"una-vez-mas","status":"publish","type":"post","link":"https:\/\/www.revistarambla.com\/en\/una-vez-mas\/","title":{"rendered":"Una vez m\u00e1s"},"content":{"rendered":"<figure id=\"attachment_10521\" aria-describedby=\"caption-attachment-10521\" style=\"width: 850px\" class=\"wp-caption aligncenter\"><a href=\"https:\/\/www.revistarambla.com\/wp-content\/uploads\/2016\/11\/16-10-31-Cuento-Una-vez-mas.jpg\"><img decoding=\"async\" class=\"wp-image-10521 size-full\" src=\"https:\/\/www.revistarambla.com\/wp-content\/uploads\/2016\/11\/16-10-31-Cuento-Una-vez-mas.jpg\" alt=\"16-10-31-cuento-una-vez-mas d\u00edas despu\u00e9s\" width=\"850\" height=\"538\" srcset=\"https:\/\/www.revistarambla.com\/wp-content\/uploads\/2016\/11\/16-10-31-Cuento-Una-vez-mas.jpg 850w, https:\/\/www.revistarambla.com\/wp-content\/uploads\/2016\/11\/16-10-31-Cuento-Una-vez-mas-300x190.jpg 300w, https:\/\/www.revistarambla.com\/wp-content\/uploads\/2016\/11\/16-10-31-Cuento-Una-vez-mas-768x486.jpg 768w, https:\/\/www.revistarambla.com\/wp-content\/uploads\/2016\/11\/16-10-31-Cuento-Una-vez-mas-500x316.jpg 500w\" sizes=\"(max-width: 850px) 100vw, 850px\" \/><\/a><figcaption id=\"caption-attachment-10521\" class=\"wp-caption-text\">Ilustra Galante.<\/figcaption><\/figure>\n<p style=\"text-align: justify;\">Vuelve a ser de d\u00eda. Hoy no brilla el Sol. \u00bfCu\u00e1ntos d\u00edas despu\u00e9s?<\/p>\n<p style=\"text-align: justify;\">A tu lado hay alguien, pero los reflejos te da\u00f1an los ojos. Tap\u00e1ndote \u00e9stos, con la mano a modo de visera, entras en el ba\u00f1o. Sumerges la cabeza, tras llenar el lavamanos.<\/p>\n<p style=\"text-align: justify;\">Has conseguido espabilarte un poco. Te amorras al grifo y la posici\u00f3n forzada te hace soltar una mezcla de gru\u00f1ido y suspiro.<\/p>\n<p style=\"text-align: justify;\">Es hora de descubrir tu compa\u00f1\u00eda.<\/p>\n<p style=\"text-align: justify;\">Es una mujer. Un cambio sustancial desde la \u00faltima vez. \u00bfCu\u00e1ntos d\u00edas despu\u00e9s?<\/p>\n<p style=\"text-align: justify;\">Fea. Y gorda. Un claro ejemplo de que ambos os hab\u00e9is decantado por la caridad.<\/p>\n<p style=\"text-align: justify;\">Tiene varices. Y celulitis para alimentar una aldea de Botswana durante un mes. Y el cabello graso. Y la espalda llena de vello oscuro y rizado.<\/p>\n<p style=\"text-align: justify;\">Y marcas de mordiscos en el cuello, en el hombro, en la parte posterior de los muslos.<\/p>\n<p style=\"text-align: justify;\">Las nalgas amoratadas.<\/p>\n<p style=\"text-align: justify;\">Desconoces el origen de las marcas, pero algo intuitivo te genera divertida culpabilidad ante los presumibles hechos.<\/p>\n<p style=\"text-align: justify;\">No puedes evitar una sonrisa, mientras decides si debes despertarla o no.<\/p>\n<p style=\"text-align: justify;\">Decides no hacerlo, por el momento, aunque le echas una ojeada al CD de Rob Zombie que se acurruca junto a los altavoces del ordenador.<\/p>\n<p style=\"text-align: justify;\">Eres consciente de que rogarle que se marche supone la ardua y desagradable tarea de tener que hablar con esta extra\u00f1a, que, si no est\u00e1 tan resacosa y amn\u00e9sica como t\u00fa, es probable que tenga una opini\u00f3n sobre ti que no se ajuste a la escasamente peligrosa realidad.<\/p>\n<p style=\"text-align: justify;\">Y consideras vestirte y bajar a comprar algo de pan, asi\u00e9ndote a la genuina esperanza de que se haya marchado cuando vuelvas. Decides pasarte por el \u201cpaki\u201d que cae a una media hora. No vayas a quedarte corto de tiempo.<\/p>\n<p style=\"text-align: justify;\">Hora y media despu\u00e9s, la foca sale de tu casa, con tu ordenador en bandolera. A pesar de la previsi\u00f3n te la encuentras en la misma puerta del edificio..<\/p>\n<p style=\"text-align: justify;\">La miras. Te esquiva. Alargas el brazo. Te devuelve tu ordenador. Evitas discurrir sobre su coeficiente intelectual y sentido de la oportunidad.<\/p>\n<p style=\"text-align: justify;\">Coges el ascensor.<\/p>\n<p style=\"text-align: justify;\">La madre que la pari\u00f3&#8230;<\/p>","protected":false},"excerpt":{"rendered":"<p>Vuelve a ser de d\u00eda. Hoy no brilla el Sol. \u00bfCu\u00e1ntos d\u00edas despu\u00e9s? A tu lado hay alguien, pero los reflejos te da\u00f1an los ojos. Tap\u00e1ndote \u00e9stos, con la mano a modo de visera, entras en el ba\u00f1o. Sumerges la cabeza, tras llenar el lavamanos. Has conseguido espabilarte un poco. [&hellip;]<\/p>\n","protected":false},"author":38,"featured_media":10521,"comment_status":"open","ping_status":"open","sticky":false,"template":"","format":"standard","meta":{"footnotes":""},"categories":[75],"tags":[],"class_list":["post-10520","post","type-post","status-publish","format-standard","has-post-thumbnail","hentry","category-letras-y-cuentos"],"yoast_head":"<!-- This site is optimized with the Yoast SEO plugin v27.5 - https:\/\/yoast.com\/product\/yoast-seo-wordpress\/ -->\n<title>Una vez m\u00e1s - Revista Rambla [secci\u00f3n Letras y Cuentos]<\/title>\n<meta name=\"description\" content=\"Vuelve a ser de d\u00eda. Hoy no brilla el Sol. \u00bfCu\u00e1ntos d\u00edas despu\u00e9s?A tu lado hay alguien, pero los reflejos te da\u00f1an los ojos. Tap\u00e1ndote \u00e9stos, con la mano...\" \/>\n<meta name=\"robots\" content=\"index, follow, max-snippet:-1, max-image-preview:large, max-video-preview:-1\" \/>\n<link rel=\"canonical\" href=\"https:\/\/www.revistarambla.com\/en\/una-vez-mas\/\" \/>\n<meta property=\"og:locale\" content=\"en_GB\" \/>\n<meta property=\"og:type\" content=\"article\" \/>\n<meta property=\"og:title\" content=\"Una vez m\u00e1s - Revista Rambla [secci\u00f3n Letras y Cuentos]\" \/>\n<meta property=\"og:description\" content=\"Vuelve a ser de d\u00eda. Hoy no brilla el Sol. \u00bfCu\u00e1ntos d\u00edas despu\u00e9s?A tu lado hay alguien, pero los reflejos te da\u00f1an los ojos. Tap\u00e1ndote \u00e9stos, con la mano...\" \/>\n<meta property=\"og:url\" content=\"https:\/\/www.revistarambla.com\/en\/una-vez-mas\/\" \/>\n<meta property=\"og:site_name\" content=\"Revista Rambla\" \/>\n<meta property=\"article:publisher\" content=\"https:\/\/www.facebook.com\/revistarambla\/\" \/>\n<meta property=\"article:published_time\" content=\"2016-11-02T06:11:14+00:00\" \/>\n<meta property=\"article:modified_time\" content=\"2023-12-29T12:40:30+00:00\" \/>\n<meta property=\"og:image\" content=\"https:\/\/www.revistarambla.com\/wp-content\/uploads\/2016\/11\/16-10-31-Cuento-Una-vez-mas.jpg\" \/>\n\t<meta property=\"og:image:width\" content=\"850\" \/>\n\t<meta property=\"og:image:height\" content=\"538\" \/>\n\t<meta property=\"og:image:type\" content=\"image\/jpeg\" \/>\n<meta name=\"author\" content=\"Arturo Colado\" \/>\n<meta name=\"twitter:card\" content=\"summary_large_image\" \/>\n<meta name=\"twitter:creator\" content=\"@revistarambla\" \/>\n<meta name=\"twitter:site\" content=\"@revistarambla\" \/>\n<meta name=\"twitter:label1\" content=\"Written by\" \/>\n\t<meta name=\"twitter:data1\" content=\"Arturo Colado\" \/>\n\t<meta name=\"twitter:label2\" content=\"Estimated reading time\" \/>\n\t<meta name=\"twitter:data2\" content=\"2 minutes\" \/>\n<script type=\"application\/ld+json\" class=\"yoast-schema-graph\">{\"@context\":\"https:\\\/\\\/schema.org\",\"@graph\":[{\"@type\":\"Article\",\"@id\":\"https:\\\/\\\/www.revistarambla.com\\\/una-vez-mas\\\/#article\",\"isPartOf\":{\"@id\":\"https:\\\/\\\/www.revistarambla.com\\\/una-vez-mas\\\/\"},\"author\":{\"name\":\"Arturo Colado\",\"@id\":\"https:\\\/\\\/www.revistarambla.com\\\/#\\\/schema\\\/person\\\/3e95aac48c632310b49a7be0f7220cc6\"},\"headline\":\"Una vez m\u00e1s\",\"datePublished\":\"2016-11-02T06:11:14+00:00\",\"dateModified\":\"2023-12-29T12:40:30+00:00\",\"mainEntityOfPage\":{\"@id\":\"https:\\\/\\\/www.revistarambla.com\\\/una-vez-mas\\\/\"},\"wordCount\":381,\"commentCount\":0,\"publisher\":{\"@id\":\"https:\\\/\\\/www.revistarambla.com\\\/#organization\"},\"image\":{\"@id\":\"https:\\\/\\\/www.revistarambla.com\\\/una-vez-mas\\\/#primaryimage\"},\"thumbnailUrl\":\"https:\\\/\\\/www.revistarambla.com\\\/wp-content\\\/uploads\\\/2016\\\/11\\\/16-10-31-Cuento-Una-vez-mas.jpg\",\"articleSection\":[\"Letras y Cuentos\"],\"inLanguage\":\"en-GB\",\"potentialAction\":[{\"@type\":\"CommentAction\",\"name\":\"Comment\",\"target\":[\"https:\\\/\\\/www.revistarambla.com\\\/una-vez-mas\\\/#respond\"]}]},{\"@type\":\"WebPage\",\"@id\":\"https:\\\/\\\/www.revistarambla.com\\\/una-vez-mas\\\/\",\"url\":\"https:\\\/\\\/www.revistarambla.com\\\/una-vez-mas\\\/\",\"name\":\"Una vez m\u00e1s - Revista Rambla [secci\u00f3n Letras y Cuentos]\",\"isPartOf\":{\"@id\":\"https:\\\/\\\/www.revistarambla.com\\\/#website\"},\"primaryImageOfPage\":{\"@id\":\"https:\\\/\\\/www.revistarambla.com\\\/una-vez-mas\\\/#primaryimage\"},\"image\":{\"@id\":\"https:\\\/\\\/www.revistarambla.com\\\/una-vez-mas\\\/#primaryimage\"},\"thumbnailUrl\":\"https:\\\/\\\/www.revistarambla.com\\\/wp-content\\\/uploads\\\/2016\\\/11\\\/16-10-31-Cuento-Una-vez-mas.jpg\",\"datePublished\":\"2016-11-02T06:11:14+00:00\",\"dateModified\":\"2023-12-29T12:40:30+00:00\",\"description\":\"Vuelve a ser de d\u00eda. Hoy no brilla el Sol. \u00bfCu\u00e1ntos d\u00edas despu\u00e9s?A tu lado hay alguien, pero los reflejos te da\u00f1an los ojos. Tap\u00e1ndote \u00e9stos, con la mano...\",\"breadcrumb\":{\"@id\":\"https:\\\/\\\/www.revistarambla.com\\\/una-vez-mas\\\/#breadcrumb\"},\"inLanguage\":\"en-GB\",\"potentialAction\":[{\"@type\":\"ReadAction\",\"target\":[\"https:\\\/\\\/www.revistarambla.com\\\/una-vez-mas\\\/\"]}]},{\"@type\":\"ImageObject\",\"inLanguage\":\"en-GB\",\"@id\":\"https:\\\/\\\/www.revistarambla.com\\\/una-vez-mas\\\/#primaryimage\",\"url\":\"https:\\\/\\\/www.revistarambla.com\\\/wp-content\\\/uploads\\\/2016\\\/11\\\/16-10-31-Cuento-Una-vez-mas.jpg\",\"contentUrl\":\"https:\\\/\\\/www.revistarambla.com\\\/wp-content\\\/uploads\\\/2016\\\/11\\\/16-10-31-Cuento-Una-vez-mas.jpg\",\"width\":850,\"height\":538},{\"@type\":\"BreadcrumbList\",\"@id\":\"https:\\\/\\\/www.revistarambla.com\\\/una-vez-mas\\\/#breadcrumb\",\"itemListElement\":[{\"@type\":\"ListItem\",\"position\":1,\"name\":\"Portada\",\"item\":\"https:\\\/\\\/www.revistarambla.com\\\/\"},{\"@type\":\"ListItem\",\"position\":2,\"name\":\"Una vez m\u00e1s\"}]},{\"@type\":\"WebSite\",\"@id\":\"https:\\\/\\\/www.revistarambla.com\\\/#website\",\"url\":\"https:\\\/\\\/www.revistarambla.com\\\/\",\"name\":\"Revista Rambla Barcelona\",\"description\":\"Periodismo independiente\",\"publisher\":{\"@id\":\"https:\\\/\\\/www.revistarambla.com\\\/#organization\"},\"potentialAction\":[{\"@type\":\"SearchAction\",\"target\":{\"@type\":\"EntryPoint\",\"urlTemplate\":\"https:\\\/\\\/www.revistarambla.com\\\/?s={search_term_string}\"},\"query-input\":{\"@type\":\"PropertyValueSpecification\",\"valueRequired\":true,\"valueName\":\"search_term_string\"}}],\"inLanguage\":\"en-GB\"},{\"@type\":\"Organization\",\"@id\":\"https:\\\/\\\/www.revistarambla.com\\\/#organization\",\"name\":\"Revista Rambla\",\"url\":\"https:\\\/\\\/www.revistarambla.com\\\/\",\"logo\":{\"@type\":\"ImageObject\",\"inLanguage\":\"en-GB\",\"@id\":\"https:\\\/\\\/www.revistarambla.com\\\/#\\\/schema\\\/logo\\\/image\\\/\",\"url\":\"https:\\\/\\\/www.revistarambla.com\\\/wp-content\\\/uploads\\\/2020\\\/09\\\/banner_rambla_1900x600_BB.png\",\"contentUrl\":\"https:\\\/\\\/www.revistarambla.com\\\/wp-content\\\/uploads\\\/2020\\\/09\\\/banner_rambla_1900x600_BB.png\",\"width\":1900,\"height\":600,\"caption\":\"Revista Rambla\"},\"image\":{\"@id\":\"https:\\\/\\\/www.revistarambla.com\\\/#\\\/schema\\\/logo\\\/image\\\/\"},\"sameAs\":[\"https:\\\/\\\/www.facebook.com\\\/revistarambla\\\/\",\"https:\\\/\\\/x.com\\\/revistarambla\",\"https:\\\/\\\/www.instagram.com\\\/revista_rambla\",\"https:\\\/\\\/es.linkedin.com\\\/company\\\/revista-rambla\"]},{\"@type\":\"Person\",\"@id\":\"https:\\\/\\\/www.revistarambla.com\\\/#\\\/schema\\\/person\\\/3e95aac48c632310b49a7be0f7220cc6\",\"name\":\"Arturo Colado\",\"description\":\"Licenciado en Ciencias Pol\u00edticas y de la Administraci\u00f3n por la UAB.\",\"sameAs\":[\"https:\\\/\\\/es.linkedin.com\\\/in\\\/arturo-colado-386a3082\"]}]}<\/script>\n<!-- \/ Yoast SEO plugin. -->","yoast_head_json":{"title":"Una vez m\u00e1s - Revista Rambla [secci\u00f3n Letras y Cuentos]","description":"Vuelve a ser de d\u00eda. Hoy no brilla el Sol. \u00bfCu\u00e1ntos d\u00edas despu\u00e9s?A tu lado hay alguien, pero los reflejos te da\u00f1an los ojos. Tap\u00e1ndote \u00e9stos, con la mano...","robots":{"index":"index","follow":"follow","max-snippet":"max-snippet:-1","max-image-preview":"max-image-preview:large","max-video-preview":"max-video-preview:-1"},"canonical":"https:\/\/www.revistarambla.com\/en\/una-vez-mas\/","og_locale":"en_GB","og_type":"article","og_title":"Una vez m\u00e1s - Revista Rambla [secci\u00f3n Letras y Cuentos]","og_description":"Vuelve a ser de d\u00eda. Hoy no brilla el Sol. \u00bfCu\u00e1ntos d\u00edas despu\u00e9s?A tu lado hay alguien, pero los reflejos te da\u00f1an los ojos. Tap\u00e1ndote \u00e9stos, con la mano...","og_url":"https:\/\/www.revistarambla.com\/en\/una-vez-mas\/","og_site_name":"Revista Rambla","article_publisher":"https:\/\/www.facebook.com\/revistarambla\/","article_published_time":"2016-11-02T06:11:14+00:00","article_modified_time":"2023-12-29T12:40:30+00:00","og_image":[{"width":850,"height":538,"url":"https:\/\/www.revistarambla.com\/wp-content\/uploads\/2016\/11\/16-10-31-Cuento-Una-vez-mas.jpg","type":"image\/jpeg"}],"author":"Arturo Colado","twitter_card":"summary_large_image","twitter_creator":"@revistarambla","twitter_site":"@revistarambla","twitter_misc":{"Written by":"Arturo Colado","Estimated reading time":"2 minutes"},"schema":{"@context":"https:\/\/schema.org","@graph":[{"@type":"Article","@id":"https:\/\/www.revistarambla.com\/una-vez-mas\/#article","isPartOf":{"@id":"https:\/\/www.revistarambla.com\/una-vez-mas\/"},"author":{"name":"Arturo Colado","@id":"https:\/\/www.revistarambla.com\/#\/schema\/person\/3e95aac48c632310b49a7be0f7220cc6"},"headline":"Una vez m\u00e1s","datePublished":"2016-11-02T06:11:14+00:00","dateModified":"2023-12-29T12:40:30+00:00","mainEntityOfPage":{"@id":"https:\/\/www.revistarambla.com\/una-vez-mas\/"},"wordCount":381,"commentCount":0,"publisher":{"@id":"https:\/\/www.revistarambla.com\/#organization"},"image":{"@id":"https:\/\/www.revistarambla.com\/una-vez-mas\/#primaryimage"},"thumbnailUrl":"https:\/\/www.revistarambla.com\/wp-content\/uploads\/2016\/11\/16-10-31-Cuento-Una-vez-mas.jpg","articleSection":["Letras y Cuentos"],"inLanguage":"en-GB","potentialAction":[{"@type":"CommentAction","name":"Comment","target":["https:\/\/www.revistarambla.com\/una-vez-mas\/#respond"]}]},{"@type":"WebPage","@id":"https:\/\/www.revistarambla.com\/una-vez-mas\/","url":"https:\/\/www.revistarambla.com\/una-vez-mas\/","name":"Una vez m\u00e1s - Revista Rambla [secci\u00f3n Letras y Cuentos]","isPartOf":{"@id":"https:\/\/www.revistarambla.com\/#website"},"primaryImageOfPage":{"@id":"https:\/\/www.revistarambla.com\/una-vez-mas\/#primaryimage"},"image":{"@id":"https:\/\/www.revistarambla.com\/una-vez-mas\/#primaryimage"},"thumbnailUrl":"https:\/\/www.revistarambla.com\/wp-content\/uploads\/2016\/11\/16-10-31-Cuento-Una-vez-mas.jpg","datePublished":"2016-11-02T06:11:14+00:00","dateModified":"2023-12-29T12:40:30+00:00","description":"Vuelve a ser de d\u00eda. Hoy no brilla el Sol. \u00bfCu\u00e1ntos d\u00edas despu\u00e9s?A tu lado hay alguien, pero los reflejos te da\u00f1an los ojos. Tap\u00e1ndote \u00e9stos, con la mano...","breadcrumb":{"@id":"https:\/\/www.revistarambla.com\/una-vez-mas\/#breadcrumb"},"inLanguage":"en-GB","potentialAction":[{"@type":"ReadAction","target":["https:\/\/www.revistarambla.com\/una-vez-mas\/"]}]},{"@type":"ImageObject","inLanguage":"en-GB","@id":"https:\/\/www.revistarambla.com\/una-vez-mas\/#primaryimage","url":"https:\/\/www.revistarambla.com\/wp-content\/uploads\/2016\/11\/16-10-31-Cuento-Una-vez-mas.jpg","contentUrl":"https:\/\/www.revistarambla.com\/wp-content\/uploads\/2016\/11\/16-10-31-Cuento-Una-vez-mas.jpg","width":850,"height":538},{"@type":"BreadcrumbList","@id":"https:\/\/www.revistarambla.com\/una-vez-mas\/#breadcrumb","itemListElement":[{"@type":"ListItem","position":1,"name":"Portada","item":"https:\/\/www.revistarambla.com\/"},{"@type":"ListItem","position":2,"name":"Una vez m\u00e1s"}]},{"@type":"WebSite","@id":"https:\/\/www.revistarambla.com\/#website","url":"https:\/\/www.revistarambla.com\/","name":"Revista Rambla Barcelona","description":"Periodismo independiente","publisher":{"@id":"https:\/\/www.revistarambla.com\/#organization"},"potentialAction":[{"@type":"SearchAction","target":{"@type":"EntryPoint","urlTemplate":"https:\/\/www.revistarambla.com\/?s={search_term_string}"},"query-input":{"@type":"PropertyValueSpecification","valueRequired":true,"valueName":"search_term_string"}}],"inLanguage":"en-GB"},{"@type":"Organization","@id":"https:\/\/www.revistarambla.com\/#organization","name":"Revista Rambla","url":"https:\/\/www.revistarambla.com\/","logo":{"@type":"ImageObject","inLanguage":"en-GB","@id":"https:\/\/www.revistarambla.com\/#\/schema\/logo\/image\/","url":"https:\/\/www.revistarambla.com\/wp-content\/uploads\/2020\/09\/banner_rambla_1900x600_BB.png","contentUrl":"https:\/\/www.revistarambla.com\/wp-content\/uploads\/2020\/09\/banner_rambla_1900x600_BB.png","width":1900,"height":600,"caption":"Revista Rambla"},"image":{"@id":"https:\/\/www.revistarambla.com\/#\/schema\/logo\/image\/"},"sameAs":["https:\/\/www.facebook.com\/revistarambla\/","https:\/\/x.com\/revistarambla","https:\/\/www.instagram.com\/revista_rambla","https:\/\/es.linkedin.com\/company\/revista-rambla"]},{"@type":"Person","@id":"https:\/\/www.revistarambla.com\/#\/schema\/person\/3e95aac48c632310b49a7be0f7220cc6","name":"Arturo Colado","description":"Licenciado en Ciencias Pol\u00edticas y de la Administraci\u00f3n por la UAB.","sameAs":["https:\/\/es.linkedin.com\/in\/arturo-colado-386a3082"]}]}},"_links":{"self":[{"href":"https:\/\/www.revistarambla.com\/en\/wp-json\/wp\/v2\/posts\/10520","targetHints":{"allow":["GET"]}}],"collection":[{"href":"https:\/\/www.revistarambla.com\/en\/wp-json\/wp\/v2\/posts"}],"about":[{"href":"https:\/\/www.revistarambla.com\/en\/wp-json\/wp\/v2\/types\/post"}],"author":[{"embeddable":true,"href":"https:\/\/www.revistarambla.com\/en\/wp-json\/wp\/v2\/users\/38"}],"replies":[{"embeddable":true,"href":"https:\/\/www.revistarambla.com\/en\/wp-json\/wp\/v2\/comments?post=10520"}],"version-history":[{"count":1,"href":"https:\/\/www.revistarambla.com\/en\/wp-json\/wp\/v2\/posts\/10520\/revisions"}],"predecessor-version":[{"id":57750,"href":"https:\/\/www.revistarambla.com\/en\/wp-json\/wp\/v2\/posts\/10520\/revisions\/57750"}],"wp:featuredmedia":[{"embeddable":true,"href":"https:\/\/www.revistarambla.com\/en\/wp-json\/wp\/v2\/media\/10521"}],"wp:attachment":[{"href":"https:\/\/www.revistarambla.com\/en\/wp-json\/wp\/v2\/media?parent=10520"}],"wp:term":[{"taxonomy":"category","embeddable":true,"href":"https:\/\/www.revistarambla.com\/en\/wp-json\/wp\/v2\/categories?post=10520"},{"taxonomy":"post_tag","embeddable":true,"href":"https:\/\/www.revistarambla.com\/en\/wp-json\/wp\/v2\/tags?post=10520"}],"curies":[{"name":"wp","href":"https:\/\/api.w.org\/{rel}","templated":true}]}}