{"id":105,"date":"2010-07-02T07:38:48","date_gmt":"2010-07-02T07:38:48","guid":{"rendered":"https:\/\/www.revistarambla.com\/dejar-que-los-ninos-se-acerquen\/"},"modified":"2021-02-26T20:29:18","modified_gmt":"2021-02-26T19:29:18","slug":"dejar-que-los-ninos-se-acerquen","status":"publish","type":"post","link":"https:\/\/www.revistarambla.com\/en\/dejar-que-los-ninos-se-acerquen\/","title":{"rendered":"Dejar que los ni\u00f1os se acerquen"},"content":{"rendered":"<p style=\"text-align: left;\">No puedo entender a los Srs. del PP. Hacen grandes manifestaciones en contra del aborto y a la vez est\u00e1n a favor de la pena de muerte. En el fondo, lo que les gustar\u00eda es volver 30 a\u00f1os atr\u00e1s, cuando las mujeres de los trabajadores abortaban encima de una mesa de comedor en la que muchas de ellas acababan desangr\u00e1ndose por miedo a ir al hospital. Mientras, las mujeres y las hijas de dichos se\u00f1ores abortaban en Londres en cl\u00ednicas privadas, con todas las garant\u00edas sanitarias.<\/p>\n<p style=\"text-align: left;\">En cambio, entiendo a sus amigos los curas, que est\u00e1n en contra de todo lo que tengan que ver con el sexo o los preservativos. No importa que media humanidad muera de sida: la fornicaci\u00f3n, la sodom\u00eda, las relaciones homosexuales, etc. etc. Pero ellos tienen unas relaciones sexuales muy sofisticadas. Parten del celibato, una de las mayores perversiones; cuando se les sube la libido tienen la flagelaci\u00f3n, se fustigan hasta que eyaculan, al momento les remuerde la conciencia y se aplican un silicio; se les abren las carnes y, cuando se recuperan, sodomizan a un ni\u00f1o. Es una forma de correr pocos riesgos a la hora de coger enfermedades ven\u00e9reas.<\/p>\n<p style=\"text-align: left;\">El Obispo Ca\u00f1izares no entiende por qu\u00e9 se da importancia a todas estas denuncias a curas pederastas, porque, claro, no se puede comparar el aborto con la pedofilia. Este tipo no sabe que el aborto es un derecho que tienen todas las mujeres y la pedofilia, de momento, es un delito que con el tiempo igual lo incorporan a la liturgia, pero de momento es un delito.<\/p>\n<p style=\"text-align: left;\">Tambien hemos o\u00eddo las declaraciones de su santidad el PAPA en las que nos invita a lanzar la primera piedra si estamos libres de pecado. Esto ya lo dijeron cuando iban a dilapidar a una ad\u00faltera.<\/p>\n<p style=\"text-align: left;\">Que sepa su santidad que yo soy un pecador, y que cuando acabe estas cuatro l\u00edneas ir\u00e9 a pecar un rato y no necesito que su santidad y sus amigos los ped\u00f3filos me perdonen. Eso s\u00ed, me impondr\u00e9 una penitencia: volver a pecar lo m\u00e1s pronto que me dejen.<\/p>\n<p style=\"text-align: left;\">Deber\u00edan saber ustedes que la pedofilia es un delito, y los que encubren a delincuentes son c\u00f3mplices, y si los delincuentes y sus c\u00f3mplices no son juzgados, entonces el Estado de derecho es una MIERDA.<\/p>","protected":false},"excerpt":{"rendered":"<p>No puedo entender a los Srs. del PP. Hacen grandes manifestaciones en contra del aborto y a la vez est\u00e1n a favor de la pena de muerte. En el fondo, lo que les gustar\u00eda es volver 30 a\u00f1os atr\u00e1s, cuando las mujeres de los trabajadores abortaban encima de una mesa [&hellip;]<\/p>\n","protected":false},"author":1,"featured_media":0,"comment_status":"open","ping_status":"open","sticky":false,"template":"","format":"standard","meta":{"footnotes":""},"categories":[72],"tags":[],"class_list":["post-105","post","type-post","status-publish","format-standard","hentry","category-opinion"],"yoast_head":"<!-- This site is optimized with the Yoast SEO plugin v27.5 - https:\/\/yoast.com\/product\/yoast-seo-wordpress\/ -->\n<title>Dejar que los ni\u00f1os se acerquen - Revista Rambla<\/title>\n<meta name=\"robots\" content=\"index, follow, max-snippet:-1, max-image-preview:large, max-video-preview:-1\" \/>\n<link rel=\"canonical\" href=\"https:\/\/www.revistarambla.com\/en\/dejar-que-los-ninos-se-acerquen\/\" \/>\n<meta property=\"og:locale\" content=\"en_GB\" \/>\n<meta property=\"og:type\" content=\"article\" \/>\n<meta property=\"og:title\" content=\"Dejar que los ni\u00f1os se acerquen - Revista Rambla\" \/>\n<meta property=\"og:description\" content=\"No puedo entender a los Srs. del PP. Hacen grandes manifestaciones en contra del aborto y a la vez est\u00e1n a favor de la pena de muerte. En el fondo, lo que les gustar\u00eda es volver 30 a\u00f1os atr\u00e1s, cuando las mujeres de los trabajadores abortaban encima de una mesa [&hellip;]\" \/>\n<meta property=\"og:url\" content=\"https:\/\/www.revistarambla.com\/en\/dejar-que-los-ninos-se-acerquen\/\" \/>\n<meta property=\"og:site_name\" content=\"Revista Rambla\" \/>\n<meta property=\"article:publisher\" content=\"https:\/\/www.facebook.com\/revistarambla\/\" \/>\n<meta property=\"article:published_time\" content=\"2010-07-02T07:38:48+00:00\" \/>\n<meta property=\"article:modified_time\" content=\"2021-02-26T19:29:18+00:00\" \/>\n<meta name=\"author\" content=\"Francesc Sans Duch\" \/>\n<meta name=\"twitter:card\" content=\"summary_large_image\" \/>\n<meta name=\"twitter:creator\" content=\"@revistarambla\" \/>\n<meta name=\"twitter:site\" content=\"@revistarambla\" \/>\n<meta name=\"twitter:label1\" content=\"Written by\" \/>\n\t<meta name=\"twitter:data1\" content=\"Francesc Sans Duch\" \/>\n\t<meta name=\"twitter:label2\" content=\"Estimated reading time\" \/>\n\t<meta name=\"twitter:data2\" content=\"2 minutes\" \/>\n<script type=\"application\/ld+json\" class=\"yoast-schema-graph\">{\"@context\":\"https:\\\/\\\/schema.org\",\"@graph\":[{\"@type\":\"Article\",\"@id\":\"https:\\\/\\\/www.revistarambla.com\\\/dejar-que-los-ninos-se-acerquen\\\/#article\",\"isPartOf\":{\"@id\":\"https:\\\/\\\/www.revistarambla.com\\\/dejar-que-los-ninos-se-acerquen\\\/\"},\"author\":{\"name\":\"Francesc Sans Duch\",\"@id\":\"https:\\\/\\\/www.revistarambla.com\\\/#\\\/schema\\\/person\\\/4a5652fc8c82df1f8593002d038cd79e\"},\"headline\":\"Dejar que los ni\u00f1os se acerquen\",\"datePublished\":\"2010-07-02T07:38:48+00:00\",\"dateModified\":\"2021-02-26T19:29:18+00:00\",\"mainEntityOfPage\":{\"@id\":\"https:\\\/\\\/www.revistarambla.com\\\/dejar-que-los-ninos-se-acerquen\\\/\"},\"wordCount\":412,\"commentCount\":0,\"publisher\":{\"@id\":\"https:\\\/\\\/www.revistarambla.com\\\/#organization\"},\"articleSection\":[\"Opiniones\"],\"inLanguage\":\"en-GB\",\"potentialAction\":[{\"@type\":\"CommentAction\",\"name\":\"Comment\",\"target\":[\"https:\\\/\\\/www.revistarambla.com\\\/dejar-que-los-ninos-se-acerquen\\\/#respond\"]}]},{\"@type\":\"WebPage\",\"@id\":\"https:\\\/\\\/www.revistarambla.com\\\/dejar-que-los-ninos-se-acerquen\\\/\",\"url\":\"https:\\\/\\\/www.revistarambla.com\\\/dejar-que-los-ninos-se-acerquen\\\/\",\"name\":\"Dejar que los ni\u00f1os se acerquen - Revista Rambla\",\"isPartOf\":{\"@id\":\"https:\\\/\\\/www.revistarambla.com\\\/#website\"},\"datePublished\":\"2010-07-02T07:38:48+00:00\",\"dateModified\":\"2021-02-26T19:29:18+00:00\",\"breadcrumb\":{\"@id\":\"https:\\\/\\\/www.revistarambla.com\\\/dejar-que-los-ninos-se-acerquen\\\/#breadcrumb\"},\"inLanguage\":\"en-GB\",\"potentialAction\":[{\"@type\":\"ReadAction\",\"target\":[\"https:\\\/\\\/www.revistarambla.com\\\/dejar-que-los-ninos-se-acerquen\\\/\"]}]},{\"@type\":\"BreadcrumbList\",\"@id\":\"https:\\\/\\\/www.revistarambla.com\\\/dejar-que-los-ninos-se-acerquen\\\/#breadcrumb\",\"itemListElement\":[{\"@type\":\"ListItem\",\"position\":1,\"name\":\"Portada\",\"item\":\"https:\\\/\\\/www.revistarambla.com\\\/\"},{\"@type\":\"ListItem\",\"position\":2,\"name\":\"Dejar que los ni\u00f1os se acerquen\"}]},{\"@type\":\"WebSite\",\"@id\":\"https:\\\/\\\/www.revistarambla.com\\\/#website\",\"url\":\"https:\\\/\\\/www.revistarambla.com\\\/\",\"name\":\"Revista Rambla Barcelona\",\"description\":\"Periodismo independiente\",\"publisher\":{\"@id\":\"https:\\\/\\\/www.revistarambla.com\\\/#organization\"},\"potentialAction\":[{\"@type\":\"SearchAction\",\"target\":{\"@type\":\"EntryPoint\",\"urlTemplate\":\"https:\\\/\\\/www.revistarambla.com\\\/?s={search_term_string}\"},\"query-input\":{\"@type\":\"PropertyValueSpecification\",\"valueRequired\":true,\"valueName\":\"search_term_string\"}}],\"inLanguage\":\"en-GB\"},{\"@type\":\"Organization\",\"@id\":\"https:\\\/\\\/www.revistarambla.com\\\/#organization\",\"name\":\"Revista Rambla\",\"url\":\"https:\\\/\\\/www.revistarambla.com\\\/\",\"logo\":{\"@type\":\"ImageObject\",\"inLanguage\":\"en-GB\",\"@id\":\"https:\\\/\\\/www.revistarambla.com\\\/#\\\/schema\\\/logo\\\/image\\\/\",\"url\":\"https:\\\/\\\/www.revistarambla.com\\\/wp-content\\\/uploads\\\/2020\\\/09\\\/banner_rambla_1900x600_BB.png\",\"contentUrl\":\"https:\\\/\\\/www.revistarambla.com\\\/wp-content\\\/uploads\\\/2020\\\/09\\\/banner_rambla_1900x600_BB.png\",\"width\":1900,\"height\":600,\"caption\":\"Revista Rambla\"},\"image\":{\"@id\":\"https:\\\/\\\/www.revistarambla.com\\\/#\\\/schema\\\/logo\\\/image\\\/\"},\"sameAs\":[\"https:\\\/\\\/www.facebook.com\\\/revistarambla\\\/\",\"https:\\\/\\\/x.com\\\/revistarambla\",\"https:\\\/\\\/www.instagram.com\\\/revista_rambla\",\"https:\\\/\\\/es.linkedin.com\\\/company\\\/revista-rambla\"]},{\"@type\":\"Person\",\"@id\":\"https:\\\/\\\/www.revistarambla.com\\\/#\\\/schema\\\/person\\\/4a5652fc8c82df1f8593002d038cd79e\",\"name\":\"Francesc Sans Duch\",\"sameAs\":[\"https:\\\/\\\/www.revistarambla.com\\\/\"]}]}<\/script>\n<!-- \/ Yoast SEO plugin. -->","yoast_head_json":{"title":"Dejar que los ni\u00f1os se acerquen - Revista Rambla","robots":{"index":"index","follow":"follow","max-snippet":"max-snippet:-1","max-image-preview":"max-image-preview:large","max-video-preview":"max-video-preview:-1"},"canonical":"https:\/\/www.revistarambla.com\/en\/dejar-que-los-ninos-se-acerquen\/","og_locale":"en_GB","og_type":"article","og_title":"Dejar que los ni\u00f1os se acerquen - Revista Rambla","og_description":"No puedo entender a los Srs. del PP. Hacen grandes manifestaciones en contra del aborto y a la vez est\u00e1n a favor de la pena de muerte. En el fondo, lo que les gustar\u00eda es volver 30 a\u00f1os atr\u00e1s, cuando las mujeres de los trabajadores abortaban encima de una mesa [&hellip;]","og_url":"https:\/\/www.revistarambla.com\/en\/dejar-que-los-ninos-se-acerquen\/","og_site_name":"Revista Rambla","article_publisher":"https:\/\/www.facebook.com\/revistarambla\/","article_published_time":"2010-07-02T07:38:48+00:00","article_modified_time":"2021-02-26T19:29:18+00:00","author":"Francesc Sans Duch","twitter_card":"summary_large_image","twitter_creator":"@revistarambla","twitter_site":"@revistarambla","twitter_misc":{"Written by":"Francesc Sans Duch","Estimated reading time":"2 minutes"},"schema":{"@context":"https:\/\/schema.org","@graph":[{"@type":"Article","@id":"https:\/\/www.revistarambla.com\/dejar-que-los-ninos-se-acerquen\/#article","isPartOf":{"@id":"https:\/\/www.revistarambla.com\/dejar-que-los-ninos-se-acerquen\/"},"author":{"name":"Francesc Sans Duch","@id":"https:\/\/www.revistarambla.com\/#\/schema\/person\/4a5652fc8c82df1f8593002d038cd79e"},"headline":"Dejar que los ni\u00f1os se acerquen","datePublished":"2010-07-02T07:38:48+00:00","dateModified":"2021-02-26T19:29:18+00:00","mainEntityOfPage":{"@id":"https:\/\/www.revistarambla.com\/dejar-que-los-ninos-se-acerquen\/"},"wordCount":412,"commentCount":0,"publisher":{"@id":"https:\/\/www.revistarambla.com\/#organization"},"articleSection":["Opiniones"],"inLanguage":"en-GB","potentialAction":[{"@type":"CommentAction","name":"Comment","target":["https:\/\/www.revistarambla.com\/dejar-que-los-ninos-se-acerquen\/#respond"]}]},{"@type":"WebPage","@id":"https:\/\/www.revistarambla.com\/dejar-que-los-ninos-se-acerquen\/","url":"https:\/\/www.revistarambla.com\/dejar-que-los-ninos-se-acerquen\/","name":"Dejar que los ni\u00f1os se acerquen - Revista Rambla","isPartOf":{"@id":"https:\/\/www.revistarambla.com\/#website"},"datePublished":"2010-07-02T07:38:48+00:00","dateModified":"2021-02-26T19:29:18+00:00","breadcrumb":{"@id":"https:\/\/www.revistarambla.com\/dejar-que-los-ninos-se-acerquen\/#breadcrumb"},"inLanguage":"en-GB","potentialAction":[{"@type":"ReadAction","target":["https:\/\/www.revistarambla.com\/dejar-que-los-ninos-se-acerquen\/"]}]},{"@type":"BreadcrumbList","@id":"https:\/\/www.revistarambla.com\/dejar-que-los-ninos-se-acerquen\/#breadcrumb","itemListElement":[{"@type":"ListItem","position":1,"name":"Portada","item":"https:\/\/www.revistarambla.com\/"},{"@type":"ListItem","position":2,"name":"Dejar que los ni\u00f1os se acerquen"}]},{"@type":"WebSite","@id":"https:\/\/www.revistarambla.com\/#website","url":"https:\/\/www.revistarambla.com\/","name":"Revista Rambla Barcelona","description":"Periodismo independiente","publisher":{"@id":"https:\/\/www.revistarambla.com\/#organization"},"potentialAction":[{"@type":"SearchAction","target":{"@type":"EntryPoint","urlTemplate":"https:\/\/www.revistarambla.com\/?s={search_term_string}"},"query-input":{"@type":"PropertyValueSpecification","valueRequired":true,"valueName":"search_term_string"}}],"inLanguage":"en-GB"},{"@type":"Organization","@id":"https:\/\/www.revistarambla.com\/#organization","name":"Revista Rambla","url":"https:\/\/www.revistarambla.com\/","logo":{"@type":"ImageObject","inLanguage":"en-GB","@id":"https:\/\/www.revistarambla.com\/#\/schema\/logo\/image\/","url":"https:\/\/www.revistarambla.com\/wp-content\/uploads\/2020\/09\/banner_rambla_1900x600_BB.png","contentUrl":"https:\/\/www.revistarambla.com\/wp-content\/uploads\/2020\/09\/banner_rambla_1900x600_BB.png","width":1900,"height":600,"caption":"Revista Rambla"},"image":{"@id":"https:\/\/www.revistarambla.com\/#\/schema\/logo\/image\/"},"sameAs":["https:\/\/www.facebook.com\/revistarambla\/","https:\/\/x.com\/revistarambla","https:\/\/www.instagram.com\/revista_rambla","https:\/\/es.linkedin.com\/company\/revista-rambla"]},{"@type":"Person","@id":"https:\/\/www.revistarambla.com\/#\/schema\/person\/4a5652fc8c82df1f8593002d038cd79e","name":"Francesc Sans Duch","sameAs":["https:\/\/www.revistarambla.com\/"]}]}},"_links":{"self":[{"href":"https:\/\/www.revistarambla.com\/en\/wp-json\/wp\/v2\/posts\/105","targetHints":{"allow":["GET"]}}],"collection":[{"href":"https:\/\/www.revistarambla.com\/en\/wp-json\/wp\/v2\/posts"}],"about":[{"href":"https:\/\/www.revistarambla.com\/en\/wp-json\/wp\/v2\/types\/post"}],"author":[{"embeddable":true,"href":"https:\/\/www.revistarambla.com\/en\/wp-json\/wp\/v2\/users\/1"}],"replies":[{"embeddable":true,"href":"https:\/\/www.revistarambla.com\/en\/wp-json\/wp\/v2\/comments?post=105"}],"version-history":[{"count":0,"href":"https:\/\/www.revistarambla.com\/en\/wp-json\/wp\/v2\/posts\/105\/revisions"}],"wp:attachment":[{"href":"https:\/\/www.revistarambla.com\/en\/wp-json\/wp\/v2\/media?parent=105"}],"wp:term":[{"taxonomy":"category","embeddable":true,"href":"https:\/\/www.revistarambla.com\/en\/wp-json\/wp\/v2\/categories?post=105"},{"taxonomy":"post_tag","embeddable":true,"href":"https:\/\/www.revistarambla.com\/en\/wp-json\/wp\/v2\/tags?post=105"}],"curies":[{"name":"wp","href":"https:\/\/api.w.org\/{rel}","templated":true}]}}