{"id":1044,"date":"2011-06-21T06:07:53","date_gmt":"2011-06-21T06:07:53","guid":{"rendered":"https:\/\/www.revistarambla.com\/cronica-barcelonesa-del-19-j-un-recorrido-sin-fin\/"},"modified":"2021-04-30T19:06:22","modified_gmt":"2021-04-30T17:06:22","slug":"cronica-barcelonesa-del-19-j-un-recorrido-sin-fin","status":"publish","type":"post","link":"https:\/\/www.revistarambla.com\/en\/cronica-barcelonesa-del-19-j-un-recorrido-sin-fin\/","title":{"rendered":"Cr\u00f3nica barcelonesa del 19-J: un recorrido sin fin"},"content":{"rendered":"<p><img decoding=\"async\" class=\"size-medium wp-image-31197 alignright\" src=\"https:\/\/www.revistarambla.com\/wp-content\/uploads\/2011\/06\/12468648-barcelona-19-de-junio-manifestacion-en-la-plaza-de-cataluna-contra-las-medidas-del-gobierno-en-la-crisis-e-300x200.jpg\" alt=\"\" width=\"300\" height=\"200\" srcset=\"https:\/\/www.revistarambla.com\/wp-content\/uploads\/2011\/06\/12468648-barcelona-19-de-junio-manifestacion-en-la-plaza-de-cataluna-contra-las-medidas-del-gobierno-en-la-crisis-e-300x200.jpg 300w, https:\/\/www.revistarambla.com\/wp-content\/uploads\/2011\/06\/12468648-barcelona-19-de-junio-manifestacion-en-la-plaza-de-cataluna-contra-las-medidas-del-gobierno-en-la-crisis-e.jpg 450w\" sizes=\"(max-width: 300px) 100vw, 300px\" \/>Casi con toda probabilidad, el pr\u00f3ximo 27 de junio el Parlamento europeo aprobar\u00e1 el llamado Pacto del Euro: un paquete de compromisos acordados por los 17 jefes de estado de la zona euro, que impondr\u00e1 severas restricciones (flexibilidad laboral, recortes sociales, moderaci\u00f3n salarial, etc\u00e9tera) a la ciudadan\u00eda, con el supuesto fin de combatir la crisis reduciendo la deuda p\u00fablica. El domingo 19 de junio miles de personas inundaron las ciudades del Reino de Espa\u00f1a, para clamar de nuevo en contra de esta gesti\u00f3n neoliberal de la crisis econ\u00f3mica: \u201cNo pagaremos vuestra crisis\u201d.<\/p>\n<h3><strong>Las columnas de Barcelona<\/strong><\/h3>\n<p>El d\u00eda hab\u00eda amanecido encapotado con nubes altas. Y a las tres de la tarde -hora fijada en la convocatoria para salir hacia Pla\u00e7a de Catalunya-, en los jardines de la Rep\u00fablica, junto a la Pla\u00e7a de Llucmajor, algunos manifestantes se refugiaban de los rayos de solbajo la sombra de los \u00e1rboles. <em>\u201cEs que, aunque haya nubes, en d\u00edas as\u00ed es cuando el sol m\u00e1s quema\u201d<\/em>, dec\u00eda una mujer sabiamente. A pesar de tal observaci\u00f3n, se notaba que los manifestantes ya ven\u00edan quemados de casa, y no precisamente por culpa del astro rey: las declaraciones de la clase pol\u00edtica y la tergiversaci\u00f3n de los medios de comunicaci\u00f3n generalistas a ra\u00edz de <strong>los hechos del Parlament de Catalunya<\/strong>, se encontraban bien frescos en la memoria de todos. Cuando pasaban quince minutos de la hora fijada, cerca de ciento cincuenta personas -con charanga incluida y gran profusi\u00f3n de pancartas- iniciaron la marcha hacia Pla\u00e7a de Catalunya: la columna de <strong>Nou Barris<\/strong> part\u00eda con un \u00e1nimo excelente.<\/p>\n<p>Al llegar a la Avinguda Meridiana, la columna de Nou Barris, por un lado, y las de <strong>Sant Andreu del Palomar y Santa Coloma de Gramenet<\/strong>, por otro, se encararon. La de Nou Barris descend\u00eda por Fabra i Puig, mientras que las columnas de Sant Andreu y Santa Coloma ascend\u00edan por la misma calle: separadas tan s\u00f3lo por esa arteria divisoria de Barcelona que es la Meridiana, el momento goz\u00f3 de la evocaci\u00f3n \u00e9pica de dos ej\u00e9rcitos que se vislumbran por vez primera en campo abierto. Sin embargo, cuando las cabeceras de las columnas corrieron una hacia la otra, el objetivo no era asestarse letales golpes de espadas y bayonetas, sino fundirse en un fraternal abrazo. La Meridiana, que ha condenado a Nou Barris y a Sant Andreu a vivir de soslayo a pesar de la cercan\u00eda, adquiri\u00f3 especial significaci\u00f3n al verse convertida en el punto de encuentro entre ambos distritos. Las tres columnas, ahora fusionadas, hicieron suya la Meridiana como una infanter\u00eda imparable que desfilaba sin encomendarse a nadie, con paso tan decidido como festivo. En Navas de Tolosa se sum\u00f3 la columna de <strong>Horta-Guinard\u00f3<\/strong>; en la Pla\u00e7a de les Gl\u00f2ries Catalanes, esperaban las columnas llegadas desde <strong>Poble Nou, Clot-Camp de l&#8217;Arpa, la Verneda y Sant Mart\u00ed<\/strong>; y por \u00faltimo, en la Gran Via de les Corts Catalanes con Pla\u00e7a de Tetu\u00e1n, la columna del <strong>Eixample<\/strong>. En todos los casos, la alegr\u00eda fue siempre la misma: explosiva y total. Quiz\u00e1 los rostros fueran desconocidos, pero la fraternidad era la propia de qui\u00e9nes -con los recortes sociales silbando por encima de sus cabezas- se descubren compartiendo trinchera.<\/p>\n<h3><strong>Un desfile sin fin<\/strong><\/h3>\n<p>A las 17:25, cuando las columnas que desfilaban desde el noreste de Barcelona llegaron a Passeig de Gr\u00e0cia, les aguardaba una multitud vacilante, inm\u00f3vil. Se respiraba en Pla\u00e7a de Catalunya una calma expectante, que se encarn\u00f3 en la espont\u00e1nea construcci\u00f3n <em>castellera<\/em> de una torre humana. Empez\u00f3 a lloviznar, un casi imperceptible chirimiri que ca\u00eda sobre miles de personas que, a paso corto y comedido, se dirig\u00edan hac\u00eda la calle de Fontanella. En aquellos instantes en que todo parec\u00eda estar a punto de empezar, la cabecera de la manifestaci\u00f3n ya hab\u00eda alcanzado el <strong>Pla de Palau, el final de su trayecto<\/strong>. A lo largo de m\u00e1s de tres horas, la Via Laietana fue un r\u00edo de personas llegadas desde diversos puntos, no ya de Barcelona, si no de Catalunya: <strong>Igualada, Esparreguera, Cardedeu, Pallars,<\/strong> etc\u00e9tera. Los c\u00e1nticos exig\u00edan la dimisi\u00f3n del Conseller d&#8217;Interior de la Generalitat de Catalunya <strong>Felip Puig<\/strong>, y recordaban, entre otros asuntos, que \u201cNing\u00fa no ens representa\u201d, \u201cLi diuen democr\u00e0cia i no ho \u00e9s\u201d&#8230; Tambi\u00e9n las pancartas -artesanales y todas hermosas- ten\u00edan, en el eclecticismo de sus mensajes, un tono compartido: \u201cPrimero nos hunden y luego nos rescatan\u201d, \u201cNo al Pacto del Euro\u201d, \u201cArtur Mas, a quina m\u00fatua vas?\u201d&#8230; Tampoco falt\u00f3 la retranca: \u201cTranquils: tenim pacifistes infiltrats entre els mossos d&#8217;esquadra\u201d. El cauce de este r\u00edo humano resultaba en apariencia inagotable. La estatua a caballo de Ramon Berenguer III, en el ecuador de Via Laietana, luc\u00eda una bandera de Grecia. El perfil de los manifestantes, diverso en todo momento, ahora resultaba a\u00fan m\u00e1s heterog\u00e9neo. \u00bfC\u00f3mo reducir a un \u00fanico perfil toda una muestra de la sociedad? Tal vez resultara m\u00e1s sencillo fijar qu\u00e9 tipo de personas no estaban representadas.<\/p>\n<p>El baile de cifras fue, como viene siendo costumbre, un disparate: el Departament d&#8217;Interior qued\u00f3 en evidencia con sus <strong>50.000 manifestantes<\/strong>; la Guardia Urbana los fij\u00f3 en <strong>75.000<\/strong>; los organizadores, en <strong>275.000 personas<\/strong>. Es esta una cuesti\u00f3n netamente cuantitativa: valorar el \u00e9xito de una manifestaci\u00f3n por la cantidad de personas que asistieron. Es un mecanismo comprensible, un ejercicio de l\u00f3gica contable. Ante el innegable poder de convocatoria, no s\u00f3lo en Barcelona, si no en otras muchas ciudades del estado espa\u00f1ol, aquellos medios de comunicaci\u00f3n que cargaron sus tintas y sus micr\u00f3fonos contra el Movimiento 15-M, juzgando que hab\u00eda dilapidado el apoyo de la opini\u00f3n p\u00fablica -\u00bfqu\u00e9 demonios ser\u00e1 la opini\u00f3n p\u00fablica?- tras los hechos del Parlament, ahora volver\u00edan a loar el comportamiento pac\u00edfista y c\u00edvico de los indignados. No obstante, si el 19-J hubiera servido para reunir s\u00f3lo a 20 personas, la raz\u00f3n de sus demandas no habr\u00eda menguado. \u201c<em>Lo mejor es que nadie que se haya desencantado con el sistema, volver\u00e1 a ser abducido. Ahora s\u00f3lo podemos crecer y ser m\u00e1s<\/em>\u201d, afirmaba convencido un muchacho, en volandas del optimismo. En cambio, mucho m\u00e1s interesante por lo que posee de enigma hoy en d\u00eda, es <strong>la dimensi\u00f3n cualitativa<\/strong> del asunto, esto es: la posibilidad de una organizaci\u00f3n que afiance en las asambleas de los barrios un corpus com\u00fan de actuaciones, de trabajo, de autogesti\u00f3n.<\/p>","protected":false},"excerpt":{"rendered":"<p>Casi con toda probabilidad, el pr\u00f3ximo 27 de junio el Parlamento europeo aprobar\u00e1 el llamado Pacto del Euro: un paquete de compromisos acordados por los 17 jefes de estado de la zona euro, que impondr\u00e1 severas restricciones (flexibilidad laboral, recortes sociales, moderaci\u00f3n salarial, etc\u00e9tera) a la ciudadan\u00eda, con el supuesto [&hellip;]<\/p>\n","protected":false},"author":1,"featured_media":31197,"comment_status":"open","ping_status":"open","sticky":false,"template":"","format":"standard","meta":{"footnotes":""},"categories":[3,76],"tags":[],"class_list":["post-1044","post","type-post","status-publish","format-standard","has-post-thumbnail","hentry","category-actualidad","category-barcelona"],"yoast_head":"<!-- This site is optimized with the Yoast SEO plugin v27.5 - https:\/\/yoast.com\/product\/yoast-seo-wordpress\/ -->\n<title>Cr\u00f3nica barcelonesa del 19-J: un recorrido sin fin - Revista Rambla<\/title>\n<meta name=\"robots\" content=\"index, follow, max-snippet:-1, max-image-preview:large, max-video-preview:-1\" \/>\n<link rel=\"canonical\" href=\"https:\/\/www.revistarambla.com\/en\/cronica-barcelonesa-del-19-j-un-recorrido-sin-fin\/\" \/>\n<meta property=\"og:locale\" content=\"en_GB\" \/>\n<meta property=\"og:type\" content=\"article\" \/>\n<meta property=\"og:title\" content=\"Cr\u00f3nica barcelonesa del 19-J: un recorrido sin fin - Revista Rambla\" \/>\n<meta property=\"og:description\" content=\"Casi con toda probabilidad, el pr\u00f3ximo 27 de junio el Parlamento europeo aprobar\u00e1 el llamado Pacto del Euro: un paquete de compromisos acordados por los 17 jefes de estado de la zona euro, que impondr\u00e1 severas restricciones (flexibilidad laboral, recortes sociales, moderaci\u00f3n salarial, etc\u00e9tera) a la ciudadan\u00eda, con el supuesto [&hellip;]\" \/>\n<meta property=\"og:url\" content=\"https:\/\/www.revistarambla.com\/en\/cronica-barcelonesa-del-19-j-un-recorrido-sin-fin\/\" \/>\n<meta property=\"og:site_name\" content=\"Revista Rambla\" \/>\n<meta property=\"article:publisher\" content=\"https:\/\/www.facebook.com\/revistarambla\/\" \/>\n<meta property=\"article:published_time\" content=\"2011-06-21T06:07:53+00:00\" \/>\n<meta property=\"article:modified_time\" content=\"2021-04-30T17:06:22+00:00\" \/>\n<meta property=\"og:image\" content=\"https:\/\/i1.wp.com\/www.revistarambla.com\/wp-content\/uploads\/2011\/06\/12468648-barcelona-19-de-junio-manifestacion-en-la-plaza-de-cataluna-contra-las-medidas-del-gobierno-en-la-crisis-e.jpg?fit=450%2C300&ssl=1\" \/>\n\t<meta property=\"og:image:width\" content=\"450\" \/>\n\t<meta property=\"og:image:height\" content=\"300\" \/>\n\t<meta property=\"og:image:type\" content=\"image\/jpeg\" \/>\n<meta name=\"author\" content=\"Joan Pere N.\" \/>\n<meta name=\"twitter:card\" content=\"summary_large_image\" \/>\n<meta name=\"twitter:creator\" content=\"@revistarambla\" \/>\n<meta name=\"twitter:site\" content=\"@revistarambla\" \/>\n<meta name=\"twitter:label1\" content=\"Written by\" \/>\n\t<meta name=\"twitter:data1\" content=\"Joan Pere N.\" \/>\n\t<meta name=\"twitter:label2\" content=\"Estimated reading time\" \/>\n\t<meta name=\"twitter:data2\" content=\"5 minutes\" \/>\n<script type=\"application\/ld+json\" class=\"yoast-schema-graph\">{\"@context\":\"https:\\\/\\\/schema.org\",\"@graph\":[{\"@type\":\"Article\",\"@id\":\"https:\\\/\\\/www.revistarambla.com\\\/cronica-barcelonesa-del-19-j-un-recorrido-sin-fin\\\/#article\",\"isPartOf\":{\"@id\":\"https:\\\/\\\/www.revistarambla.com\\\/cronica-barcelonesa-del-19-j-un-recorrido-sin-fin\\\/\"},\"author\":{\"name\":\"Joan Pere N.\",\"@id\":\"https:\\\/\\\/www.revistarambla.com\\\/#\\\/schema\\\/person\\\/4a5652fc8c82df1f8593002d038cd79e\"},\"headline\":\"Cr\u00f3nica barcelonesa del 19-J: un recorrido sin fin\",\"datePublished\":\"2011-06-21T06:07:53+00:00\",\"dateModified\":\"2021-04-30T17:06:22+00:00\",\"mainEntityOfPage\":{\"@id\":\"https:\\\/\\\/www.revistarambla.com\\\/cronica-barcelonesa-del-19-j-un-recorrido-sin-fin\\\/\"},\"wordCount\":1135,\"commentCount\":0,\"publisher\":{\"@id\":\"https:\\\/\\\/www.revistarambla.com\\\/#organization\"},\"image\":{\"@id\":\"https:\\\/\\\/www.revistarambla.com\\\/cronica-barcelonesa-del-19-j-un-recorrido-sin-fin\\\/#primaryimage\"},\"thumbnailUrl\":\"https:\\\/\\\/www.revistarambla.com\\\/wp-content\\\/uploads\\\/2011\\\/06\\\/12468648-barcelona-19-de-junio-manifestacion-en-la-plaza-de-cataluna-contra-las-medidas-del-gobierno-en-la-crisis-e.jpg\",\"articleSection\":[\"Actualidad\",\"Barcelona\"],\"inLanguage\":\"en-GB\",\"potentialAction\":[{\"@type\":\"CommentAction\",\"name\":\"Comment\",\"target\":[\"https:\\\/\\\/www.revistarambla.com\\\/cronica-barcelonesa-del-19-j-un-recorrido-sin-fin\\\/#respond\"]}]},{\"@type\":\"WebPage\",\"@id\":\"https:\\\/\\\/www.revistarambla.com\\\/cronica-barcelonesa-del-19-j-un-recorrido-sin-fin\\\/\",\"url\":\"https:\\\/\\\/www.revistarambla.com\\\/cronica-barcelonesa-del-19-j-un-recorrido-sin-fin\\\/\",\"name\":\"Cr\u00f3nica barcelonesa del 19-J: un recorrido sin fin - Revista Rambla\",\"isPartOf\":{\"@id\":\"https:\\\/\\\/www.revistarambla.com\\\/#website\"},\"primaryImageOfPage\":{\"@id\":\"https:\\\/\\\/www.revistarambla.com\\\/cronica-barcelonesa-del-19-j-un-recorrido-sin-fin\\\/#primaryimage\"},\"image\":{\"@id\":\"https:\\\/\\\/www.revistarambla.com\\\/cronica-barcelonesa-del-19-j-un-recorrido-sin-fin\\\/#primaryimage\"},\"thumbnailUrl\":\"https:\\\/\\\/www.revistarambla.com\\\/wp-content\\\/uploads\\\/2011\\\/06\\\/12468648-barcelona-19-de-junio-manifestacion-en-la-plaza-de-cataluna-contra-las-medidas-del-gobierno-en-la-crisis-e.jpg\",\"datePublished\":\"2011-06-21T06:07:53+00:00\",\"dateModified\":\"2021-04-30T17:06:22+00:00\",\"breadcrumb\":{\"@id\":\"https:\\\/\\\/www.revistarambla.com\\\/cronica-barcelonesa-del-19-j-un-recorrido-sin-fin\\\/#breadcrumb\"},\"inLanguage\":\"en-GB\",\"potentialAction\":[{\"@type\":\"ReadAction\",\"target\":[\"https:\\\/\\\/www.revistarambla.com\\\/cronica-barcelonesa-del-19-j-un-recorrido-sin-fin\\\/\"]}]},{\"@type\":\"ImageObject\",\"inLanguage\":\"en-GB\",\"@id\":\"https:\\\/\\\/www.revistarambla.com\\\/cronica-barcelonesa-del-19-j-un-recorrido-sin-fin\\\/#primaryimage\",\"url\":\"https:\\\/\\\/www.revistarambla.com\\\/wp-content\\\/uploads\\\/2011\\\/06\\\/12468648-barcelona-19-de-junio-manifestacion-en-la-plaza-de-cataluna-contra-las-medidas-del-gobierno-en-la-crisis-e.jpg\",\"contentUrl\":\"https:\\\/\\\/www.revistarambla.com\\\/wp-content\\\/uploads\\\/2011\\\/06\\\/12468648-barcelona-19-de-junio-manifestacion-en-la-plaza-de-cataluna-contra-las-medidas-del-gobierno-en-la-crisis-e.jpg\",\"width\":450,\"height\":300},{\"@type\":\"BreadcrumbList\",\"@id\":\"https:\\\/\\\/www.revistarambla.com\\\/cronica-barcelonesa-del-19-j-un-recorrido-sin-fin\\\/#breadcrumb\",\"itemListElement\":[{\"@type\":\"ListItem\",\"position\":1,\"name\":\"Portada\",\"item\":\"https:\\\/\\\/www.revistarambla.com\\\/\"},{\"@type\":\"ListItem\",\"position\":2,\"name\":\"Cr\u00f3nica barcelonesa del 19-J: un recorrido sin fin\"}]},{\"@type\":\"WebSite\",\"@id\":\"https:\\\/\\\/www.revistarambla.com\\\/#website\",\"url\":\"https:\\\/\\\/www.revistarambla.com\\\/\",\"name\":\"Revista Rambla Barcelona\",\"description\":\"Periodismo independiente\",\"publisher\":{\"@id\":\"https:\\\/\\\/www.revistarambla.com\\\/#organization\"},\"potentialAction\":[{\"@type\":\"SearchAction\",\"target\":{\"@type\":\"EntryPoint\",\"urlTemplate\":\"https:\\\/\\\/www.revistarambla.com\\\/?s={search_term_string}\"},\"query-input\":{\"@type\":\"PropertyValueSpecification\",\"valueRequired\":true,\"valueName\":\"search_term_string\"}}],\"inLanguage\":\"en-GB\"},{\"@type\":\"Organization\",\"@id\":\"https:\\\/\\\/www.revistarambla.com\\\/#organization\",\"name\":\"Revista Rambla\",\"url\":\"https:\\\/\\\/www.revistarambla.com\\\/\",\"logo\":{\"@type\":\"ImageObject\",\"inLanguage\":\"en-GB\",\"@id\":\"https:\\\/\\\/www.revistarambla.com\\\/#\\\/schema\\\/logo\\\/image\\\/\",\"url\":\"https:\\\/\\\/www.revistarambla.com\\\/wp-content\\\/uploads\\\/2020\\\/09\\\/banner_rambla_1900x600_BB.png\",\"contentUrl\":\"https:\\\/\\\/www.revistarambla.com\\\/wp-content\\\/uploads\\\/2020\\\/09\\\/banner_rambla_1900x600_BB.png\",\"width\":1900,\"height\":600,\"caption\":\"Revista Rambla\"},\"image\":{\"@id\":\"https:\\\/\\\/www.revistarambla.com\\\/#\\\/schema\\\/logo\\\/image\\\/\"},\"sameAs\":[\"https:\\\/\\\/www.facebook.com\\\/revistarambla\\\/\",\"https:\\\/\\\/x.com\\\/revistarambla\",\"https:\\\/\\\/www.instagram.com\\\/revista_rambla\",\"https:\\\/\\\/es.linkedin.com\\\/company\\\/revista-rambla\"]},{\"@type\":\"Person\",\"@id\":\"https:\\\/\\\/www.revistarambla.com\\\/#\\\/schema\\\/person\\\/4a5652fc8c82df1f8593002d038cd79e\",\"name\":\"Joan Pere N.\"}]}<\/script>\n<!-- \/ Yoast SEO plugin. -->","yoast_head_json":{"title":"Cr\u00f3nica barcelonesa del 19-J: un recorrido sin fin - Revista Rambla","robots":{"index":"index","follow":"follow","max-snippet":"max-snippet:-1","max-image-preview":"max-image-preview:large","max-video-preview":"max-video-preview:-1"},"canonical":"https:\/\/www.revistarambla.com\/en\/cronica-barcelonesa-del-19-j-un-recorrido-sin-fin\/","og_locale":"en_GB","og_type":"article","og_title":"Cr\u00f3nica barcelonesa del 19-J: un recorrido sin fin - Revista Rambla","og_description":"Casi con toda probabilidad, el pr\u00f3ximo 27 de junio el Parlamento europeo aprobar\u00e1 el llamado Pacto del Euro: un paquete de compromisos acordados por los 17 jefes de estado de la zona euro, que impondr\u00e1 severas restricciones (flexibilidad laboral, recortes sociales, moderaci\u00f3n salarial, etc\u00e9tera) a la ciudadan\u00eda, con el supuesto [&hellip;]","og_url":"https:\/\/www.revistarambla.com\/en\/cronica-barcelonesa-del-19-j-un-recorrido-sin-fin\/","og_site_name":"Revista Rambla","article_publisher":"https:\/\/www.facebook.com\/revistarambla\/","article_published_time":"2011-06-21T06:07:53+00:00","article_modified_time":"2021-04-30T17:06:22+00:00","og_image":[{"width":450,"height":300,"url":"https:\/\/i1.wp.com\/www.revistarambla.com\/wp-content\/uploads\/2011\/06\/12468648-barcelona-19-de-junio-manifestacion-en-la-plaza-de-cataluna-contra-las-medidas-del-gobierno-en-la-crisis-e.jpg?fit=450%2C300&ssl=1","type":"image\/jpeg"}],"author":"Joan Pere N.","twitter_card":"summary_large_image","twitter_creator":"@revistarambla","twitter_site":"@revistarambla","twitter_misc":{"Written by":"Joan Pere N.","Estimated reading time":"5 minutes"},"schema":{"@context":"https:\/\/schema.org","@graph":[{"@type":"Article","@id":"https:\/\/www.revistarambla.com\/cronica-barcelonesa-del-19-j-un-recorrido-sin-fin\/#article","isPartOf":{"@id":"https:\/\/www.revistarambla.com\/cronica-barcelonesa-del-19-j-un-recorrido-sin-fin\/"},"author":{"name":"Joan Pere N.","@id":"https:\/\/www.revistarambla.com\/#\/schema\/person\/4a5652fc8c82df1f8593002d038cd79e"},"headline":"Cr\u00f3nica barcelonesa del 19-J: un recorrido sin fin","datePublished":"2011-06-21T06:07:53+00:00","dateModified":"2021-04-30T17:06:22+00:00","mainEntityOfPage":{"@id":"https:\/\/www.revistarambla.com\/cronica-barcelonesa-del-19-j-un-recorrido-sin-fin\/"},"wordCount":1135,"commentCount":0,"publisher":{"@id":"https:\/\/www.revistarambla.com\/#organization"},"image":{"@id":"https:\/\/www.revistarambla.com\/cronica-barcelonesa-del-19-j-un-recorrido-sin-fin\/#primaryimage"},"thumbnailUrl":"https:\/\/www.revistarambla.com\/wp-content\/uploads\/2011\/06\/12468648-barcelona-19-de-junio-manifestacion-en-la-plaza-de-cataluna-contra-las-medidas-del-gobierno-en-la-crisis-e.jpg","articleSection":["Actualidad","Barcelona"],"inLanguage":"en-GB","potentialAction":[{"@type":"CommentAction","name":"Comment","target":["https:\/\/www.revistarambla.com\/cronica-barcelonesa-del-19-j-un-recorrido-sin-fin\/#respond"]}]},{"@type":"WebPage","@id":"https:\/\/www.revistarambla.com\/cronica-barcelonesa-del-19-j-un-recorrido-sin-fin\/","url":"https:\/\/www.revistarambla.com\/cronica-barcelonesa-del-19-j-un-recorrido-sin-fin\/","name":"Cr\u00f3nica barcelonesa del 19-J: un recorrido sin fin - Revista Rambla","isPartOf":{"@id":"https:\/\/www.revistarambla.com\/#website"},"primaryImageOfPage":{"@id":"https:\/\/www.revistarambla.com\/cronica-barcelonesa-del-19-j-un-recorrido-sin-fin\/#primaryimage"},"image":{"@id":"https:\/\/www.revistarambla.com\/cronica-barcelonesa-del-19-j-un-recorrido-sin-fin\/#primaryimage"},"thumbnailUrl":"https:\/\/www.revistarambla.com\/wp-content\/uploads\/2011\/06\/12468648-barcelona-19-de-junio-manifestacion-en-la-plaza-de-cataluna-contra-las-medidas-del-gobierno-en-la-crisis-e.jpg","datePublished":"2011-06-21T06:07:53+00:00","dateModified":"2021-04-30T17:06:22+00:00","breadcrumb":{"@id":"https:\/\/www.revistarambla.com\/cronica-barcelonesa-del-19-j-un-recorrido-sin-fin\/#breadcrumb"},"inLanguage":"en-GB","potentialAction":[{"@type":"ReadAction","target":["https:\/\/www.revistarambla.com\/cronica-barcelonesa-del-19-j-un-recorrido-sin-fin\/"]}]},{"@type":"ImageObject","inLanguage":"en-GB","@id":"https:\/\/www.revistarambla.com\/cronica-barcelonesa-del-19-j-un-recorrido-sin-fin\/#primaryimage","url":"https:\/\/www.revistarambla.com\/wp-content\/uploads\/2011\/06\/12468648-barcelona-19-de-junio-manifestacion-en-la-plaza-de-cataluna-contra-las-medidas-del-gobierno-en-la-crisis-e.jpg","contentUrl":"https:\/\/www.revistarambla.com\/wp-content\/uploads\/2011\/06\/12468648-barcelona-19-de-junio-manifestacion-en-la-plaza-de-cataluna-contra-las-medidas-del-gobierno-en-la-crisis-e.jpg","width":450,"height":300},{"@type":"BreadcrumbList","@id":"https:\/\/www.revistarambla.com\/cronica-barcelonesa-del-19-j-un-recorrido-sin-fin\/#breadcrumb","itemListElement":[{"@type":"ListItem","position":1,"name":"Portada","item":"https:\/\/www.revistarambla.com\/"},{"@type":"ListItem","position":2,"name":"Cr\u00f3nica barcelonesa del 19-J: un recorrido sin fin"}]},{"@type":"WebSite","@id":"https:\/\/www.revistarambla.com\/#website","url":"https:\/\/www.revistarambla.com\/","name":"Revista Rambla Barcelona","description":"Periodismo independiente","publisher":{"@id":"https:\/\/www.revistarambla.com\/#organization"},"potentialAction":[{"@type":"SearchAction","target":{"@type":"EntryPoint","urlTemplate":"https:\/\/www.revistarambla.com\/?s={search_term_string}"},"query-input":{"@type":"PropertyValueSpecification","valueRequired":true,"valueName":"search_term_string"}}],"inLanguage":"en-GB"},{"@type":"Organization","@id":"https:\/\/www.revistarambla.com\/#organization","name":"Revista Rambla","url":"https:\/\/www.revistarambla.com\/","logo":{"@type":"ImageObject","inLanguage":"en-GB","@id":"https:\/\/www.revistarambla.com\/#\/schema\/logo\/image\/","url":"https:\/\/www.revistarambla.com\/wp-content\/uploads\/2020\/09\/banner_rambla_1900x600_BB.png","contentUrl":"https:\/\/www.revistarambla.com\/wp-content\/uploads\/2020\/09\/banner_rambla_1900x600_BB.png","width":1900,"height":600,"caption":"Revista Rambla"},"image":{"@id":"https:\/\/www.revistarambla.com\/#\/schema\/logo\/image\/"},"sameAs":["https:\/\/www.facebook.com\/revistarambla\/","https:\/\/x.com\/revistarambla","https:\/\/www.instagram.com\/revista_rambla","https:\/\/es.linkedin.com\/company\/revista-rambla"]},{"@type":"Person","@id":"https:\/\/www.revistarambla.com\/#\/schema\/person\/4a5652fc8c82df1f8593002d038cd79e","name":"Joan Pere N."}]}},"_links":{"self":[{"href":"https:\/\/www.revistarambla.com\/en\/wp-json\/wp\/v2\/posts\/1044","targetHints":{"allow":["GET"]}}],"collection":[{"href":"https:\/\/www.revistarambla.com\/en\/wp-json\/wp\/v2\/posts"}],"about":[{"href":"https:\/\/www.revistarambla.com\/en\/wp-json\/wp\/v2\/types\/post"}],"author":[{"embeddable":true,"href":"https:\/\/www.revistarambla.com\/en\/wp-json\/wp\/v2\/users\/1"}],"replies":[{"embeddable":true,"href":"https:\/\/www.revistarambla.com\/en\/wp-json\/wp\/v2\/comments?post=1044"}],"version-history":[{"count":0,"href":"https:\/\/www.revistarambla.com\/en\/wp-json\/wp\/v2\/posts\/1044\/revisions"}],"wp:featuredmedia":[{"embeddable":true,"href":"https:\/\/www.revistarambla.com\/en\/wp-json\/wp\/v2\/media\/31197"}],"wp:attachment":[{"href":"https:\/\/www.revistarambla.com\/en\/wp-json\/wp\/v2\/media?parent=1044"}],"wp:term":[{"taxonomy":"category","embeddable":true,"href":"https:\/\/www.revistarambla.com\/en\/wp-json\/wp\/v2\/categories?post=1044"},{"taxonomy":"post_tag","embeddable":true,"href":"https:\/\/www.revistarambla.com\/en\/wp-json\/wp\/v2\/tags?post=1044"}],"curies":[{"name":"wp","href":"https:\/\/api.w.org\/{rel}","templated":true}]}}