{"id":10335,"date":"2016-10-24T06:49:05","date_gmt":"2016-10-24T04:49:05","guid":{"rendered":"https:\/\/www.revistarambla.com\/?p=10335"},"modified":"2022-09-08T13:10:47","modified_gmt":"2022-09-08T11:10:47","slug":"altsasu-montaje-policial","status":"publish","type":"post","link":"https:\/\/www.revistarambla.com\/en\/altsasu-montaje-policial\/","title":{"rendered":"Altsasu: montaje policial"},"content":{"rendered":"<figure id=\"attachment_10337\" aria-describedby=\"caption-attachment-10337\" style=\"width: 1251px\" class=\"wp-caption aligncenter\"><img decoding=\"async\" class=\"wp-image-10337 size-full alignleft\" src=\"https:\/\/www.revistarambla.com\/wp-content\/uploads\/2016\/10\/Sabino_Cuadra-02.jpg\" alt=\"sabino_cuadra-02\" width=\"1251\" height=\"741\" srcset=\"https:\/\/www.revistarambla.com\/wp-content\/uploads\/2016\/10\/Sabino_Cuadra-02.jpg 1251w, https:\/\/www.revistarambla.com\/wp-content\/uploads\/2016\/10\/Sabino_Cuadra-02-300x178.jpg 300w, https:\/\/www.revistarambla.com\/wp-content\/uploads\/2016\/10\/Sabino_Cuadra-02-768x455.jpg 768w, https:\/\/www.revistarambla.com\/wp-content\/uploads\/2016\/10\/Sabino_Cuadra-02-1024x607.jpg 1024w, https:\/\/www.revistarambla.com\/wp-content\/uploads\/2016\/10\/Sabino_Cuadra-02-500x296.jpg 500w\" sizes=\"(max-width: 1251px) 100vw, 1251px\" \/><figcaption id=\"caption-attachment-10337\" class=\"wp-caption-text\">Sabino Cuadra Lasarte es Abogado, sindicalista y pol\u00edtico vasco.<\/figcaption><\/figure>\n<p style=\"text-align: left;\">Recuerdo a estos efectos un chiste relativo al tema. Resulta que Franco, en su visita a una ciudad, en el discurso pronunciado desde el balc\u00f3n del Ayuntamiento, tras glosar las mil y una bondades y realizaciones del R\u00e9gimen, prometi\u00f3 a los presentes la pr\u00f3xima realizaci\u00f3n de un pantano en la zona. Tras afirmar esto, el alcalde del lugar se acerc\u00f3 y le susurr\u00f3 al o\u00eddo: \u201cExcelencia, aqu\u00ed no hay r\u00edo\u201d, a lo que el todopoderoso respondi\u00f3: \u201c\u00a1Pues si no hay, se hace!\u201d. \u00c9l era as\u00ed.<\/p>\n<p style=\"text-align: left;\">La cosa viene a cuento de esa maldici\u00f3n divina que nos ha ca\u00eddo, nadie sabe muy bien c\u00f3mo, llamada Fern\u00e1ndez D\u00edaz, ministro de Interior. \u00c9l, como Franco, necesita tambi\u00e9n inaugurar pantanos antiterroristas por doquier y cuando no tiene con qu\u00e9, pues hace un r\u00edo, como ahora en Altsasu.<\/p>\n<p style=\"text-align: left;\">Euskal Herria \u2014junto a Catalunya y Canarias\u2014 dijo \u00a1NO! a la OTAN en el refer\u00e9ndum que Felipe Gonz\u00e1lez convoc\u00f3 al efecto. Luego, nuestro pueblo, sobre todo Nafarroa, fue capital de todo el mundo mundial en la insumisi\u00f3n a la mili, al Ej\u00e9rcito y al militarismo. Pues bien, a pesar de lo anterior, si hay algo que genera m\u00e1s rechazo en Euskal Herria que la OTAN y el Ej\u00e9rcito espa\u00f1ol, eso es la Guardia Civil. Tenemos razones para ello. Me explico.<\/p>\n<p style=\"text-align: left;\">En un estudio encargado por el Gobierno de Gasteiz al Instituto Vasco de Criminolog\u00eda, se han recogido los testimonios de m\u00e1s de cuatro mil personas que sufrieron malos tratos y torturas en la Comunidad Aut\u00f3noma vasca durante los a\u00f1os 1960-2013. De ellos, 3.577 han sido homologados por la Comisi\u00f3n de \u00c9tica de la Universidad del Pa\u00eds Vasco. Pues bien, el primer puesto en el ranking torturador lo ocupa la Guardia Civil y sus cuarteles. Por citar uno, mencionemos el de Intxaurrondo \u2014Donostia\u2014, aut\u00e9ntica c\u00e1mara de los horrores donde se realizaron gran parte de aquellas y se planificaron secuestros, asesinatos, desapariciones\u2026<\/p>\n<p style=\"text-align: left;\">En Sakana, comarca de unos 20.000 habitantes en la que se enclava Altsasu (7.500 vecinas\/os), mentar a la benem\u00e9rita es mentar al diablo. Para buscar las razones de ello no hace falta remitirse al franquismo. En noviembre de 1979, Mikel Arregi, concejal en la localidad de Lakuntza y miembro de HB, fue ametrallado en un control por la Guardia Civil, muriendo posteriormente. La versi\u00f3n oficial y la de los testigos de los hechos difirieron substancialmente. Prevaleci\u00f3 la primera. El autor de los disparos fue condenado a dos meses de c\u00e1rcel. A los dos j\u00f3venes acusados ahora de agresi\u00f3n y lesiones a la guardia civil en la trifulca de Altsasu les piden veinticuatro veces m\u00e1s.<\/p>\n<p style=\"text-align: left;\">Desde aquel 1979 hasta hoy en Sakana han visto de todo. Las personas multadas, detenidas, maltratadas, torturadas, encarceladas\u2026, se cuentan por cientos. Tambi\u00e9n se sabe de guerra sucia con incendios de coches y colocaci\u00f3n de bombas en casas y establecimientos. Distintos ayuntamientos, han denunciado en m\u00e1s de una ocasi\u00f3n la represi\u00f3n indiscriminada practicada por la guardia civil en la zona. Y en todo esto, la juventud de Sakana ha sido siempre el principal capacico de todas las hostias legales e ilegales.<\/p>\n<p style=\"text-align: left;\">S\u00e1bado 15 de octubre. Ferias en Altsasu. Fiesta grande. No habr\u00e1 m\u00e1s hasta Carnavales. Un teniente y un sargento de la Guardia Civil, as\u00ed como quien no quiere la cosa, entran con sus respectivas parejas en uno de los bares del Casco Viejo m\u00e1s frecuentados por esa juventud rebelde altsasuarra. No es para tomar un cafelito ma\u00f1anero, ni un vermut a mediod\u00eda, o un caf\u00e9 despu\u00e9s de comer, ni una cerveza a media tarde. Son las cuatro-cinco de la ma\u00f1ana, cuando el raciocinio se diluye y la sangre fluye intoxicada. Surge una discusi\u00f3n con varios j\u00f3venes. El tono sube, primero en el bar, luego en la calle. Comienzan a hablar las manos. Empujones y golpes. Un guardia civil usa expresiones como \u201cte voy a matar\u201d, \u201cte voy a meter un tiro entre ceja y ceja\u201d, lo cual no contribuye precisamente a calmar la situaci\u00f3n. En resumen, trifulca envuelta en alcohol entre gentes que no se aprecian mucho entre s\u00ed. La principal lesi\u00f3n \u2014golpes y contusiones hubo en ambos lados\u2014, una fractura en el tobillo de un guardia civil. Lo siguiente, mordisco en un brazo a un chaval.<\/p>\n<p style=\"text-align: left;\">La versi\u00f3n oficial de la benem\u00e9rita y del ministro de la cosa habla de \u201cemboscada\u201d, \u201cbrutal paliza\u201d, \u201clinchamiento\u201d, \u201cagresi\u00f3n multitudinaria por parte de cincuenta personas\u201d y de ah\u00ed salen enseguida extrapolaciones (PP) que comparan los hechos con las \u201c\u00e9pocas duras de la violencia de ETA\u201d y hasta se\u00f1alan la \u201cnecesidad de expulsar del Gobierno de Navarra a sus amigos\u201d (\u00a1!).<\/p>\n<p style=\"text-align: left;\">\u201cSi no hay r\u00edo, se hace\u201d. Han pasado cinco a\u00f1os desde que ETA puso fin a actividad armada y la <em>kale borroka<\/em> ha desaparecido, pero hay que seguir vendiendo la moto de la violencia, el caos y la crispaci\u00f3n social. Sobre todo en Nafarroa, donde UPN-PP han perdido el Gobierno Foral y todos los principales ayuntamientos (Iru\u00f1ea, Tudela, Bara\u00f1ain, Estella-Lizarra, Tafalla,\u2026). Los antiguos caciques, incapaces de hacer una oposici\u00f3n pol\u00edtica razonada y seria, recurren al exabrupto y la descalificaci\u00f3n zafia como principal argumento pol\u00edtico. Carecen de otros. Son as\u00ed. Y Fern\u00e1ndez D\u00edaz les echa una mano.<\/p>\n<p style=\"text-align: left;\">La publicaci\u00f3n de la noticia es el pistoletazo de salida a una campa\u00f1a medi\u00e1tica y gubernamental para vender esa imagen de violencia, agresi\u00f3n gratuita y odio al benem\u00e9rito. Mociones institucionales de condena, editoriales, art\u00edculos de opini\u00f3n, tertulias e informativos recorren la geograf\u00eda estatal manteniendo la tensi\u00f3n en torno al tema. Con ello se tapan otros. Aqu\u00ed, en Nafarroa, el acuerdo para la exhumaci\u00f3n de los criminales golpistas Mola y Sanjurjo; en Euskal Herria la reciente manifestaci\u00f3n de diez mil personas reclamando libertad para los presos y presas enfermas, el quinto aniversario del fin de la lucha armada de ETA y la apuesta boicoteada por el Gobierno del PP de emprender, como en Colombia, una v\u00eda de di\u00e1logo, acuerdo y resoluci\u00f3n final del conflicto vivido; a nivel estatal, el PP tapa con esto la imagen de sus juicios por corrupci\u00f3n. Lo de Altsasu es algo m\u00e1s que un respiro.<\/p>\n<p style=\"text-align: left;\">Frente a esta versi\u00f3n oficial, existe la otra, la silenciada. La que habla, ya lo hemos dicho, de una trifulca envuelta en alcohol cuyos perfiles y detalles, por esa misma raz\u00f3n, es dif\u00edcil precisar y aclarar. Adem\u00e1s, decir que uno fue testigo de los hechos puede suponer convertirse en imputado. Ocho j\u00f3venes m\u00e1s han sido identificados y pueden seguir el camino de los dos primeros, acusados de lesiones y atentado a la autoridad. Cuatro a\u00f1os para cada uno.<\/p>\n<p style=\"text-align: left;\">El Ayuntamiento de Altsasu ha adoptado una Declaraci\u00f3n suscrita por Geroa Bai, PSN y Goazen Altsasu \u2013Podemos- (EH Bildu ha reclamado contar con m\u00e1s informaci\u00f3n al efecto) condenando los \u201cactos violentos ocurridos\u201d, expresando su \u201csolidaridad\u201d con las personas heridas y se\u00f1alando su \u201cpreocupaci\u00f3n y malestar por la masiva presencia de la Guardia Civil\u201d en el pueblo tras los sucesos. Se habla as\u00ed en plural y de forma gen\u00e9rica, no de manera unilateral presentando a los guardias civiles y sus parejas como \u00fanicas v\u00edctimas de la trifulca, ni a los j\u00f3venes como \u00fanicos causantes de la misma.<\/p>\n<p style=\"text-align: left;\">En el Congreso madrile\u00f1o, sus se\u00f1or\u00edas consideraron importante el tema y lo debatieron en la Comisi\u00f3n de Interior. Se ve que no ten\u00edan otros asuntos m\u00e1s importantes que tratar. Nada de eso ocurri\u00f3 con la violaci\u00f3n en grupo de una chavala de dieciocho a\u00f1os, en Iru\u00f1ea, en los pasados sanfermines, donde, de los cinco agresores, uno era guardia civil y otro militar. Adem\u00e1s, tal como despu\u00e9s se ha sabido, es m\u00e1s que probable que vinieran entrenados de C\u00f3rdoba, donde seg\u00fan parece hab\u00edan practicado una violaci\u00f3n grupal similar. Pero la lesi\u00f3n en el tobillo de un guardia civil parece ser m\u00e1s importante que la violaci\u00f3n y lesiones psicol\u00f3gicas posteriores de por vida para esa chavala.<\/p>\n<p style=\"text-align: left;\">Impulsada por el PP y suscrita tambi\u00e9n por el PSOE, Ciudadanos, PNV y Podemos, se aprob\u00f3 en aquella Comisi\u00f3n una Declaraci\u00f3n en la que, adem\u00e1s de expresar la m\u00e1s \u201cen\u00e9rgica condena y rechazo de la brutal agresi\u00f3n sufrida por dos miembros de la guardia civil y sus respectivas parejas\u201d, se mostr\u00f3 el \u201capoyo y solidaridad con la Guardia Civil ante estas injustificadas agresiones\u201d. \u201cEl Estado de Derecho funciona y la violencia nunca podr\u00e1 quedar impune\u201d, finalizaba la Declaraci\u00f3n. Sin comentarios. Curioso por otro lado que las intervenciones y votos contrarios hechos all\u00ed por ERC y Bildu hayan desaparecido del v\u00eddeo oficial de la reuni\u00f3n.<\/p>\n<p style=\"text-align: left;\">Resumiendo: \u201cSi no hay r\u00edo, se hace\u201d. Fern\u00e1ndez D\u00edaz, el \u201crompe puertas\u201d de Fitero, ya tiene su pantano, los suscribientes de la Declaraci\u00f3n colaboran en fabricar el r\u00edo y los duendes al mando de la Presidenta del Congreso invisibilizan la oposici\u00f3n al respecto. El relato monocolor lo llena todo.<\/p>\n<p style=\"text-align: left;\"><strong>NOTA: Sabino Cuadra Lasarte <\/strong>es Abogado, sindicalista y pol\u00edtico vasco.<\/p>\n<p style=\"text-align: left;\"><strong>FOTO:<\/strong> Amaiur en Commons Wikimedia.<\/p>\n<p style=\"text-align: left;\"><img decoding=\"async\" class=\"aligncenter size-full wp-image-10340\" src=\"https:\/\/www.revistarambla.com\/wp-content\/uploads\/2016\/10\/Cuadra-Financial-Times.jpg\" alt=\"cuadra-financial-times\" width=\"588\" height=\"432\" srcset=\"https:\/\/www.revistarambla.com\/wp-content\/uploads\/2016\/10\/Cuadra-Financial-Times.jpg 588w, https:\/\/www.revistarambla.com\/wp-content\/uploads\/2016\/10\/Cuadra-Financial-Times-300x220.jpg 300w, https:\/\/www.revistarambla.com\/wp-content\/uploads\/2016\/10\/Cuadra-Financial-Times-500x367.jpg 500w, https:\/\/www.revistarambla.com\/wp-content\/uploads\/2016\/10\/Cuadra-Financial-Times-80x60.jpg 80w\" sizes=\"(max-width: 588px) 100vw, 588px\" \/><\/p>","protected":false},"excerpt":{"rendered":"<p>Al \u00ednclito Francisco Franco, adem\u00e1s de firmar sentencias de muerte, le gustaba inaugurar pantanos. Tanto es as\u00ed que uno de sus sobrenombres fue el de \u201cPaco el rana\u201d, por aquello de \u201cir de charco en charco\u201d<\/p>","protected":false},"author":316,"featured_media":10336,"comment_status":"open","ping_status":"open","sticky":false,"template":"","format":"standard","meta":{"footnotes":""},"categories":[3,58],"tags":[],"class_list":["post-10335","post","type-post","status-publish","format-standard","has-post-thumbnail","hentry","category-actualidad","category-estado-espanol"],"yoast_head":"<!-- This site is optimized with the Yoast SEO plugin v27.5 - https:\/\/yoast.com\/product\/yoast-seo-wordpress\/ -->\n<title>Altsasu: montaje policial - Revista Rambla<\/title>\n<meta name=\"robots\" content=\"index, follow, max-snippet:-1, max-image-preview:large, max-video-preview:-1\" \/>\n<link rel=\"canonical\" href=\"https:\/\/www.revistarambla.com\/en\/altsasu-montaje-policial\/\" \/>\n<meta property=\"og:locale\" content=\"en_GB\" \/>\n<meta property=\"og:type\" content=\"article\" \/>\n<meta property=\"og:title\" content=\"Altsasu: montaje policial - Revista Rambla\" \/>\n<meta property=\"og:description\" content=\"Al \u00ednclito Francisco Franco, adem\u00e1s de firmar sentencias de muerte, le gustaba inaugurar pantanos. Tanto es as\u00ed que uno de sus sobrenombres fue el de \u201cPaco el rana\u201d, por aquello de \u201cir de charco en charco\u201d\" \/>\n<meta property=\"og:url\" content=\"https:\/\/www.revistarambla.com\/en\/altsasu-montaje-policial\/\" \/>\n<meta property=\"og:site_name\" content=\"Revista Rambla\" \/>\n<meta property=\"article:publisher\" content=\"https:\/\/www.facebook.com\/revistarambla\/\" \/>\n<meta property=\"article:published_time\" content=\"2016-10-24T04:49:05+00:00\" \/>\n<meta property=\"article:modified_time\" content=\"2022-09-08T11:10:47+00:00\" \/>\n<meta property=\"og:image\" content=\"https:\/\/www.revistarambla.com\/wp-content\/uploads\/2016\/10\/Sabino_Cuadra-01.jpg\" \/>\n\t<meta property=\"og:image:width\" content=\"1047\" \/>\n\t<meta property=\"og:image:height\" content=\"662\" \/>\n\t<meta property=\"og:image:type\" content=\"image\/jpeg\" \/>\n<meta name=\"author\" content=\"Sabino Cuadra Lasarte\" \/>\n<meta name=\"twitter:card\" content=\"summary_large_image\" \/>\n<meta name=\"twitter:creator\" content=\"@revistarambla\" \/>\n<meta name=\"twitter:site\" content=\"@revistarambla\" \/>\n<meta name=\"twitter:label1\" content=\"Written by\" \/>\n\t<meta name=\"twitter:data1\" content=\"Sabino Cuadra Lasarte\" \/>\n\t<meta name=\"twitter:label2\" content=\"Estimated reading time\" \/>\n\t<meta name=\"twitter:data2\" content=\"7 minutes\" \/>\n<script type=\"application\/ld+json\" class=\"yoast-schema-graph\">{\"@context\":\"https:\\\/\\\/schema.org\",\"@graph\":[{\"@type\":\"Article\",\"@id\":\"https:\\\/\\\/www.revistarambla.com\\\/altsasu-montaje-policial\\\/#article\",\"isPartOf\":{\"@id\":\"https:\\\/\\\/www.revistarambla.com\\\/altsasu-montaje-policial\\\/\"},\"author\":{\"name\":\"Sabino Cuadra Lasarte\",\"@id\":\"https:\\\/\\\/www.revistarambla.com\\\/#\\\/schema\\\/person\\\/8297fbe22382a4755013ade32e227b44\"},\"headline\":\"Altsasu: montaje policial\",\"datePublished\":\"2016-10-24T04:49:05+00:00\",\"dateModified\":\"2022-09-08T11:10:47+00:00\",\"mainEntityOfPage\":{\"@id\":\"https:\\\/\\\/www.revistarambla.com\\\/altsasu-montaje-policial\\\/\"},\"wordCount\":1602,\"commentCount\":0,\"publisher\":{\"@id\":\"https:\\\/\\\/www.revistarambla.com\\\/#organization\"},\"image\":{\"@id\":\"https:\\\/\\\/www.revistarambla.com\\\/altsasu-montaje-policial\\\/#primaryimage\"},\"thumbnailUrl\":\"https:\\\/\\\/www.revistarambla.com\\\/wp-content\\\/uploads\\\/2016\\\/10\\\/Sabino_Cuadra-01.jpg\",\"articleSection\":[\"Actualidad\",\"Estado Espa\u00f1ol\"],\"inLanguage\":\"en-GB\",\"potentialAction\":[{\"@type\":\"CommentAction\",\"name\":\"Comment\",\"target\":[\"https:\\\/\\\/www.revistarambla.com\\\/altsasu-montaje-policial\\\/#respond\"]}]},{\"@type\":\"WebPage\",\"@id\":\"https:\\\/\\\/www.revistarambla.com\\\/altsasu-montaje-policial\\\/\",\"url\":\"https:\\\/\\\/www.revistarambla.com\\\/altsasu-montaje-policial\\\/\",\"name\":\"Altsasu: montaje policial - Revista Rambla\",\"isPartOf\":{\"@id\":\"https:\\\/\\\/www.revistarambla.com\\\/#website\"},\"primaryImageOfPage\":{\"@id\":\"https:\\\/\\\/www.revistarambla.com\\\/altsasu-montaje-policial\\\/#primaryimage\"},\"image\":{\"@id\":\"https:\\\/\\\/www.revistarambla.com\\\/altsasu-montaje-policial\\\/#primaryimage\"},\"thumbnailUrl\":\"https:\\\/\\\/www.revistarambla.com\\\/wp-content\\\/uploads\\\/2016\\\/10\\\/Sabino_Cuadra-01.jpg\",\"datePublished\":\"2016-10-24T04:49:05+00:00\",\"dateModified\":\"2022-09-08T11:10:47+00:00\",\"breadcrumb\":{\"@id\":\"https:\\\/\\\/www.revistarambla.com\\\/altsasu-montaje-policial\\\/#breadcrumb\"},\"inLanguage\":\"en-GB\",\"potentialAction\":[{\"@type\":\"ReadAction\",\"target\":[\"https:\\\/\\\/www.revistarambla.com\\\/altsasu-montaje-policial\\\/\"]}]},{\"@type\":\"ImageObject\",\"inLanguage\":\"en-GB\",\"@id\":\"https:\\\/\\\/www.revistarambla.com\\\/altsasu-montaje-policial\\\/#primaryimage\",\"url\":\"https:\\\/\\\/www.revistarambla.com\\\/wp-content\\\/uploads\\\/2016\\\/10\\\/Sabino_Cuadra-01.jpg\",\"contentUrl\":\"https:\\\/\\\/www.revistarambla.com\\\/wp-content\\\/uploads\\\/2016\\\/10\\\/Sabino_Cuadra-01.jpg\",\"width\":1047,\"height\":662},{\"@type\":\"BreadcrumbList\",\"@id\":\"https:\\\/\\\/www.revistarambla.com\\\/altsasu-montaje-policial\\\/#breadcrumb\",\"itemListElement\":[{\"@type\":\"ListItem\",\"position\":1,\"name\":\"Portada\",\"item\":\"https:\\\/\\\/www.revistarambla.com\\\/\"},{\"@type\":\"ListItem\",\"position\":2,\"name\":\"Altsasu: montaje policial\"}]},{\"@type\":\"WebSite\",\"@id\":\"https:\\\/\\\/www.revistarambla.com\\\/#website\",\"url\":\"https:\\\/\\\/www.revistarambla.com\\\/\",\"name\":\"Revista Rambla Barcelona\",\"description\":\"Periodismo independiente\",\"publisher\":{\"@id\":\"https:\\\/\\\/www.revistarambla.com\\\/#organization\"},\"potentialAction\":[{\"@type\":\"SearchAction\",\"target\":{\"@type\":\"EntryPoint\",\"urlTemplate\":\"https:\\\/\\\/www.revistarambla.com\\\/?s={search_term_string}\"},\"query-input\":{\"@type\":\"PropertyValueSpecification\",\"valueRequired\":true,\"valueName\":\"search_term_string\"}}],\"inLanguage\":\"en-GB\"},{\"@type\":\"Organization\",\"@id\":\"https:\\\/\\\/www.revistarambla.com\\\/#organization\",\"name\":\"Revista Rambla\",\"url\":\"https:\\\/\\\/www.revistarambla.com\\\/\",\"logo\":{\"@type\":\"ImageObject\",\"inLanguage\":\"en-GB\",\"@id\":\"https:\\\/\\\/www.revistarambla.com\\\/#\\\/schema\\\/logo\\\/image\\\/\",\"url\":\"https:\\\/\\\/www.revistarambla.com\\\/wp-content\\\/uploads\\\/2020\\\/09\\\/banner_rambla_1900x600_BB.png\",\"contentUrl\":\"https:\\\/\\\/www.revistarambla.com\\\/wp-content\\\/uploads\\\/2020\\\/09\\\/banner_rambla_1900x600_BB.png\",\"width\":1900,\"height\":600,\"caption\":\"Revista Rambla\"},\"image\":{\"@id\":\"https:\\\/\\\/www.revistarambla.com\\\/#\\\/schema\\\/logo\\\/image\\\/\"},\"sameAs\":[\"https:\\\/\\\/www.facebook.com\\\/revistarambla\\\/\",\"https:\\\/\\\/x.com\\\/revistarambla\",\"https:\\\/\\\/www.instagram.com\\\/revista_rambla\",\"https:\\\/\\\/es.linkedin.com\\\/company\\\/revista-rambla\"]},{\"@type\":\"Person\",\"@id\":\"https:\\\/\\\/www.revistarambla.com\\\/#\\\/schema\\\/person\\\/8297fbe22382a4755013ade32e227b44\",\"name\":\"Sabino Cuadra Lasarte\",\"description\":\"Sindicalista de LAB. Internacionalista. Abogado.\",\"sameAs\":[\"https:\\\/\\\/es.wikipedia.org\\\/wiki\\\/Sabino_Cuadra\"]}]}<\/script>\n<!-- \/ Yoast SEO plugin. -->","yoast_head_json":{"title":"Altsasu: montaje policial - Revista Rambla","robots":{"index":"index","follow":"follow","max-snippet":"max-snippet:-1","max-image-preview":"max-image-preview:large","max-video-preview":"max-video-preview:-1"},"canonical":"https:\/\/www.revistarambla.com\/en\/altsasu-montaje-policial\/","og_locale":"en_GB","og_type":"article","og_title":"Altsasu: montaje policial - Revista Rambla","og_description":"Al \u00ednclito Francisco Franco, adem\u00e1s de firmar sentencias de muerte, le gustaba inaugurar pantanos. Tanto es as\u00ed que uno de sus sobrenombres fue el de \u201cPaco el rana\u201d, por aquello de \u201cir de charco en charco\u201d","og_url":"https:\/\/www.revistarambla.com\/en\/altsasu-montaje-policial\/","og_site_name":"Revista Rambla","article_publisher":"https:\/\/www.facebook.com\/revistarambla\/","article_published_time":"2016-10-24T04:49:05+00:00","article_modified_time":"2022-09-08T11:10:47+00:00","og_image":[{"width":1047,"height":662,"url":"https:\/\/www.revistarambla.com\/wp-content\/uploads\/2016\/10\/Sabino_Cuadra-01.jpg","type":"image\/jpeg"}],"author":"Sabino Cuadra Lasarte","twitter_card":"summary_large_image","twitter_creator":"@revistarambla","twitter_site":"@revistarambla","twitter_misc":{"Written by":"Sabino Cuadra Lasarte","Estimated reading time":"7 minutes"},"schema":{"@context":"https:\/\/schema.org","@graph":[{"@type":"Article","@id":"https:\/\/www.revistarambla.com\/altsasu-montaje-policial\/#article","isPartOf":{"@id":"https:\/\/www.revistarambla.com\/altsasu-montaje-policial\/"},"author":{"name":"Sabino Cuadra Lasarte","@id":"https:\/\/www.revistarambla.com\/#\/schema\/person\/8297fbe22382a4755013ade32e227b44"},"headline":"Altsasu: montaje policial","datePublished":"2016-10-24T04:49:05+00:00","dateModified":"2022-09-08T11:10:47+00:00","mainEntityOfPage":{"@id":"https:\/\/www.revistarambla.com\/altsasu-montaje-policial\/"},"wordCount":1602,"commentCount":0,"publisher":{"@id":"https:\/\/www.revistarambla.com\/#organization"},"image":{"@id":"https:\/\/www.revistarambla.com\/altsasu-montaje-policial\/#primaryimage"},"thumbnailUrl":"https:\/\/www.revistarambla.com\/wp-content\/uploads\/2016\/10\/Sabino_Cuadra-01.jpg","articleSection":["Actualidad","Estado Espa\u00f1ol"],"inLanguage":"en-GB","potentialAction":[{"@type":"CommentAction","name":"Comment","target":["https:\/\/www.revistarambla.com\/altsasu-montaje-policial\/#respond"]}]},{"@type":"WebPage","@id":"https:\/\/www.revistarambla.com\/altsasu-montaje-policial\/","url":"https:\/\/www.revistarambla.com\/altsasu-montaje-policial\/","name":"Altsasu: montaje policial - Revista Rambla","isPartOf":{"@id":"https:\/\/www.revistarambla.com\/#website"},"primaryImageOfPage":{"@id":"https:\/\/www.revistarambla.com\/altsasu-montaje-policial\/#primaryimage"},"image":{"@id":"https:\/\/www.revistarambla.com\/altsasu-montaje-policial\/#primaryimage"},"thumbnailUrl":"https:\/\/www.revistarambla.com\/wp-content\/uploads\/2016\/10\/Sabino_Cuadra-01.jpg","datePublished":"2016-10-24T04:49:05+00:00","dateModified":"2022-09-08T11:10:47+00:00","breadcrumb":{"@id":"https:\/\/www.revistarambla.com\/altsasu-montaje-policial\/#breadcrumb"},"inLanguage":"en-GB","potentialAction":[{"@type":"ReadAction","target":["https:\/\/www.revistarambla.com\/altsasu-montaje-policial\/"]}]},{"@type":"ImageObject","inLanguage":"en-GB","@id":"https:\/\/www.revistarambla.com\/altsasu-montaje-policial\/#primaryimage","url":"https:\/\/www.revistarambla.com\/wp-content\/uploads\/2016\/10\/Sabino_Cuadra-01.jpg","contentUrl":"https:\/\/www.revistarambla.com\/wp-content\/uploads\/2016\/10\/Sabino_Cuadra-01.jpg","width":1047,"height":662},{"@type":"BreadcrumbList","@id":"https:\/\/www.revistarambla.com\/altsasu-montaje-policial\/#breadcrumb","itemListElement":[{"@type":"ListItem","position":1,"name":"Portada","item":"https:\/\/www.revistarambla.com\/"},{"@type":"ListItem","position":2,"name":"Altsasu: montaje policial"}]},{"@type":"WebSite","@id":"https:\/\/www.revistarambla.com\/#website","url":"https:\/\/www.revistarambla.com\/","name":"Revista Rambla Barcelona","description":"Periodismo independiente","publisher":{"@id":"https:\/\/www.revistarambla.com\/#organization"},"potentialAction":[{"@type":"SearchAction","target":{"@type":"EntryPoint","urlTemplate":"https:\/\/www.revistarambla.com\/?s={search_term_string}"},"query-input":{"@type":"PropertyValueSpecification","valueRequired":true,"valueName":"search_term_string"}}],"inLanguage":"en-GB"},{"@type":"Organization","@id":"https:\/\/www.revistarambla.com\/#organization","name":"Revista Rambla","url":"https:\/\/www.revistarambla.com\/","logo":{"@type":"ImageObject","inLanguage":"en-GB","@id":"https:\/\/www.revistarambla.com\/#\/schema\/logo\/image\/","url":"https:\/\/www.revistarambla.com\/wp-content\/uploads\/2020\/09\/banner_rambla_1900x600_BB.png","contentUrl":"https:\/\/www.revistarambla.com\/wp-content\/uploads\/2020\/09\/banner_rambla_1900x600_BB.png","width":1900,"height":600,"caption":"Revista Rambla"},"image":{"@id":"https:\/\/www.revistarambla.com\/#\/schema\/logo\/image\/"},"sameAs":["https:\/\/www.facebook.com\/revistarambla\/","https:\/\/x.com\/revistarambla","https:\/\/www.instagram.com\/revista_rambla","https:\/\/es.linkedin.com\/company\/revista-rambla"]},{"@type":"Person","@id":"https:\/\/www.revistarambla.com\/#\/schema\/person\/8297fbe22382a4755013ade32e227b44","name":"Sabino Cuadra Lasarte","description":"Sindicalista de LAB. Internacionalista. Abogado.","sameAs":["https:\/\/es.wikipedia.org\/wiki\/Sabino_Cuadra"]}]}},"_links":{"self":[{"href":"https:\/\/www.revistarambla.com\/en\/wp-json\/wp\/v2\/posts\/10335","targetHints":{"allow":["GET"]}}],"collection":[{"href":"https:\/\/www.revistarambla.com\/en\/wp-json\/wp\/v2\/posts"}],"about":[{"href":"https:\/\/www.revistarambla.com\/en\/wp-json\/wp\/v2\/types\/post"}],"author":[{"embeddable":true,"href":"https:\/\/www.revistarambla.com\/en\/wp-json\/wp\/v2\/users\/316"}],"replies":[{"embeddable":true,"href":"https:\/\/www.revistarambla.com\/en\/wp-json\/wp\/v2\/comments?post=10335"}],"version-history":[{"count":1,"href":"https:\/\/www.revistarambla.com\/en\/wp-json\/wp\/v2\/posts\/10335\/revisions"}],"predecessor-version":[{"id":46326,"href":"https:\/\/www.revistarambla.com\/en\/wp-json\/wp\/v2\/posts\/10335\/revisions\/46326"}],"wp:featuredmedia":[{"embeddable":true,"href":"https:\/\/www.revistarambla.com\/en\/wp-json\/wp\/v2\/media\/10336"}],"wp:attachment":[{"href":"https:\/\/www.revistarambla.com\/en\/wp-json\/wp\/v2\/media?parent=10335"}],"wp:term":[{"taxonomy":"category","embeddable":true,"href":"https:\/\/www.revistarambla.com\/en\/wp-json\/wp\/v2\/categories?post=10335"},{"taxonomy":"post_tag","embeddable":true,"href":"https:\/\/www.revistarambla.com\/en\/wp-json\/wp\/v2\/tags?post=10335"}],"curies":[{"name":"wp","href":"https:\/\/api.w.org\/{rel}","templated":true}]}}