{"id":10326,"date":"2016-10-23T07:23:27","date_gmt":"2016-10-23T05:23:27","guid":{"rendered":"https:\/\/www.revistarambla.com\/?p=10326"},"modified":"2022-10-21T17:36:19","modified_gmt":"2022-10-21T15:36:19","slug":"la-tesis-de-camps-y-otros-disfraces","status":"publish","type":"post","link":"https:\/\/www.revistarambla.com\/en\/la-tesis-de-camps-y-otros-disfraces\/","title":{"rendered":"La tesis de Camps y otros disfraces"},"content":{"rendered":"<p style=\"text-align: left;\">Los hom\u00ednidos siempre hemos tenido una irresistible inclinaci\u00f3n al disfraz. De hecho, lo primero que hicieron hombre y mujer una vez expulsados del para\u00edso fue disfrazarse de Ad\u00e1n y Eva con una hoja de parra. Porque si la versi\u00f3n oficial b\u00edblica asegura que los dos protagonistas cubrieron su cuerpo tras asumir de golpe su verg\u00fcenza ante la desnudez, lo cierto es que con el gesto de vestir la piel se descubr\u00edan tambi\u00e9n las posibilidades de la simulaci\u00f3n, el fingimiento, la mascarada. El pecado original nos abr\u00eda, de este modo, las puertas del carnaval.<\/p>\n<figure id=\"attachment_10331\" aria-describedby=\"caption-attachment-10331\" style=\"width: 850px\" class=\"wp-caption aligncenter\"><img decoding=\"async\" class=\"wp-image-10331 size-full\" src=\"https:\/\/www.revistarambla.com\/wp-content\/uploads\/2016\/10\/16-10-23-Trajes.jpg\" alt=\"16-10-23-trajes\" width=\"850\" height=\"592\" srcset=\"https:\/\/www.revistarambla.com\/wp-content\/uploads\/2016\/10\/16-10-23-Trajes.jpg 850w, https:\/\/www.revistarambla.com\/wp-content\/uploads\/2016\/10\/16-10-23-Trajes-300x209.jpg 300w, https:\/\/www.revistarambla.com\/wp-content\/uploads\/2016\/10\/16-10-23-Trajes-768x535.jpg 768w, https:\/\/www.revistarambla.com\/wp-content\/uploads\/2016\/10\/16-10-23-Trajes-500x348.jpg 500w\" sizes=\"(max-width: 850px) 100vw, 850px\" \/><figcaption id=\"caption-attachment-10331\" class=\"wp-caption-text\">Ilustracion: Galante<\/figcaption><\/figure>\n<p style=\"text-align: left;\">Esta idea queda igualmente corroborada si abandonamos las explicaciones mitol\u00f3gicas y optamos por el m\u00e9todo cient\u00edfico. Lo confirmamos con solo contemplar esas misteriosas representaciones paleol\u00edticas, como esa extra\u00f1a figura humana cubierta con pelajes y cornamentas de ser fant\u00e1stico, en la cueva francesa de Trois Frer\u00e8s. El hecho result\u00f3 crucial al descubrirse que una buena indumentaria, por extravagante que fuera, llegaba a impresionar tanto que quien la vest\u00eda lograba influir en la voluntad colectiva. Fue as\u00ed como aquel primer cavern\u00edcola disfrazado acab\u00f3 por transformarse en brujo. La humanidad conocer\u00eda muy pronto nuevos disfraces: tras el brujo aparecieron el sacerdote, el monarca, el emperador hasta llegar hoy, en su versi\u00f3n m\u00e1s tecnol\u00f3gica, al presidente de gobierno\/televisi\u00f3n de plasma.<\/p>\n<p style=\"text-align: left;\">Obviamente, el valor del disfraz depende siempre de su eficacia para el enga\u00f1o. Por eso, adem\u00e1s de enmascarar al poder, tambi\u00e9n se ha relacionado con todos aquellos que hac\u00edan del fingimiento una profesi\u00f3n. Es el caso de los agentes secretos como Mortadelo. O aquel Domingo Bad\u00eda que en el tr\u00e1nsito de los siglos XVIII y XIX recorri\u00f3 Oriente con los ropajes de Ali Bey. O de los actores y c\u00f3micos, cuyo arte consiste en transformarse en cualquier personaje, incluso el m\u00e1s inveros\u00edmil. Nos movemos por los territorios de la ambig\u00fcedad, la simulaci\u00f3n, el artificio. En consecuencia, el arte del disfraz tambi\u00e9n ha encontrado hueco en el mundo de la picaresca y los bajos fondos, como traje de faena de no pocos ladrones y timadores.<\/p>\n<p style=\"text-align: left;\">Con el paso del tiempo el disfraz ha ido superando su dependencia f\u00edsica de ropajes y m\u00e1scaras para evolucionar en algo mucho m\u00e1s conceptual. Se trataba de un gran salto en el mundo del fingimiento. El enga\u00f1o dejaba de estar ligado a trajes que deb\u00edan de aparentar al menos la calidad de lo que se pretend\u00eda simular, ni depend\u00eda de rid\u00edculas pelucas o inc\u00f3modos maquillajes. De un tiempo a esta parte es suficiente con poner por escrito la personalidad se quiere representar. Y es que, en espera de que la realidad virtual nos depare nuevas modalidades, la versi\u00f3n m\u00e1s acabada que tenemos del disfraz es ese fr\u00edo y burocr\u00e1tico documento que llamamos curr\u00edculo.<\/p>\n<p style=\"text-align: left;\">El peligro, tanto ahora como antes, est\u00e1 en quedar al descubierto con nuestros disfraces, como embetunados reyes Baltasar de cabalgata. Tambi\u00e9n en el caso de los curr\u00edculos. Es lo que le pas\u00f3 a Luis Roldan que no dud\u00f3 en presentarse como titulado en carreras que nunca curso. En Alemania a no pocos diputados, e incluso a alg\u00fan que otro ministro, le ha costado la carrera pol\u00edtica la aparici\u00f3n de alguna mentirijilla en sus m\u00e9ritos acad\u00e9micos. Tal vez por ello, el ex ministro Jos\u00e9 Manuel Soria opt\u00f3 en 2014 por no enviar ning\u00fan curr\u00edculo para que figurara en su presentaci\u00f3n en el Foro de Davos, asumiendo as\u00ed un discreto disfraz de hombre invisible, tan invisible y discreto como sus intereses en Panam\u00e1.<\/p>\n<p style=\"text-align: left;\">Otros, sin embargo, no ven en el curr\u00edculo una forma trapacera de andar por la vida, sino como un anhelo para pasar a la posteridad. Ser doctor, por ejemplo, tiene para ellos la misma aureola que anta\u00f1o ten\u00eda la concesi\u00f3n de un t\u00edtulo nobiliario. No sorprende que este sea el caso de Francisco Camps, un hombre que ha demostrado una gran preocupaci\u00f3n por las apariencias, hasta hacer de los trajes que vest\u00eda una de sus principales obsesiones. El expresidente de la Generalitat Valenciana quer\u00eda ser doctor, disponer de la respetabilidad de tan sabia distinci\u00f3n. A pesar de su ardua vigilancia y trabajo para perseguir durante su gobierno la m\u00e1s m\u00ednima tentaci\u00f3n de corrupci\u00f3n, Camps le rob\u00f3 tiempo al sue\u00f1o para dedicarlo a la investigaci\u00f3n, la reflexi\u00f3n y, finalmente, la redacci\u00f3n de una laboriosa tesis doctoral de 697 p\u00e1ginas en la que nos ilumina sobre las necesidades del modelo electoral.<\/p>\n<p style=\"text-align: left;\">Luego, en su modestia infinita, decidi\u00f3 mantener bien oculto aquel documento con la sincera intenci\u00f3n de evitar la desmoralizaci\u00f3n de miles de j\u00f3venes doctorandos al comprobar, si le\u00edan su tesis, que nunca alcanzar\u00edan la talla intelectual del pol\u00edtico popular. Sin embargo, ahora, insensible a todos esos sacrificios, un profesorucho navarro ha osado cuestionar su rigor acad\u00e9mico afirmando que aquel profundo estudio se asemeja a un vetusto papel de calco donde se habr\u00eda plagiado sin pudor hasta el Bolet\u00edn Oficial del Estado. Calumnias, se ha apresurado a gritar indignado el <em>ex molt honorable<\/em> parapet\u00e1ndose tras una nota a pie de p\u00e1gina. Y sin duda nada deber\u00eda hacernos cuestionar su sinceridad. Y menos que algunos insidiosos se empe\u00f1en en asegurar haberlo visto en los discretos probadores de Forever Young ajust\u00e1ndose al cogote los hilos el\u00e1sticos de una barba postiza de sabio doctor.<\/p>","protected":false},"excerpt":{"rendered":"<p>Los hom\u00ednidos siempre hemos tenido una irresistible inclinaci\u00f3n al disfraz. De hecho, lo primero que hicieron hombre y mujer una vez expulsados del para\u00edso fue disfrazarse de Ad\u00e1n y Eva con una hoja de parra. Porque si la versi\u00f3n oficial b\u00edblica asegura que los dos protagonistas cubrieron su cuerpo tras [&hellip;]<\/p>\n","protected":false},"author":325,"featured_media":10331,"comment_status":"open","ping_status":"open","sticky":false,"template":"","format":"standard","meta":{"footnotes":""},"categories":[72],"tags":[],"class_list":["post-10326","post","type-post","status-publish","format-standard","has-post-thumbnail","hentry","category-opinion"],"yoast_head":"<!-- This site is optimized with the Yoast SEO plugin v27.5 - https:\/\/yoast.com\/product\/yoast-seo-wordpress\/ -->\n<title>La tesis de Camps y otros disfraces - Revista Rambla<\/title>\n<meta name=\"robots\" content=\"index, follow, max-snippet:-1, max-image-preview:large, max-video-preview:-1\" \/>\n<link rel=\"canonical\" href=\"https:\/\/www.revistarambla.com\/en\/la-tesis-de-camps-y-otros-disfraces\/\" \/>\n<meta property=\"og:locale\" content=\"en_GB\" \/>\n<meta property=\"og:type\" content=\"article\" \/>\n<meta property=\"og:title\" content=\"La tesis de Camps y otros disfraces - Revista Rambla\" \/>\n<meta property=\"og:description\" content=\"Los hom\u00ednidos siempre hemos tenido una irresistible inclinaci\u00f3n al disfraz. De hecho, lo primero que hicieron hombre y mujer una vez expulsados del para\u00edso fue disfrazarse de Ad\u00e1n y Eva con una hoja de parra. Porque si la versi\u00f3n oficial b\u00edblica asegura que los dos protagonistas cubrieron su cuerpo tras [&hellip;]\" \/>\n<meta property=\"og:url\" content=\"https:\/\/www.revistarambla.com\/en\/la-tesis-de-camps-y-otros-disfraces\/\" \/>\n<meta property=\"og:site_name\" content=\"Revista Rambla\" \/>\n<meta property=\"article:publisher\" content=\"https:\/\/www.facebook.com\/revistarambla\/\" \/>\n<meta property=\"article:author\" content=\"https:\/\/www.facebook.com\/josemanuelrambla\/\" \/>\n<meta property=\"article:published_time\" content=\"2016-10-23T05:23:27+00:00\" \/>\n<meta property=\"article:modified_time\" content=\"2022-10-21T15:36:19+00:00\" \/>\n<meta property=\"og:image\" content=\"https:\/\/www.revistarambla.com\/wp-content\/uploads\/2016\/10\/16-10-23-Trajes.jpg\" \/>\n\t<meta property=\"og:image:width\" content=\"850\" \/>\n\t<meta property=\"og:image:height\" content=\"592\" \/>\n\t<meta property=\"og:image:type\" content=\"image\/jpeg\" \/>\n<meta name=\"author\" content=\"Jos\u00e9 Manuel Rambla\" \/>\n<meta name=\"twitter:card\" content=\"summary_large_image\" \/>\n<meta name=\"twitter:creator\" content=\"@jmrambla\" \/>\n<meta name=\"twitter:site\" content=\"@revistarambla\" \/>\n<meta name=\"twitter:label1\" content=\"Written by\" \/>\n\t<meta name=\"twitter:data1\" content=\"Jos\u00e9 Manuel Rambla\" \/>\n\t<meta name=\"twitter:label2\" content=\"Estimated reading time\" \/>\n\t<meta name=\"twitter:data2\" content=\"4 minutes\" \/>\n<script type=\"application\/ld+json\" class=\"yoast-schema-graph\">{\"@context\":\"https:\\\/\\\/schema.org\",\"@graph\":[{\"@type\":\"Article\",\"@id\":\"https:\\\/\\\/www.revistarambla.com\\\/la-tesis-de-camps-y-otros-disfraces\\\/#article\",\"isPartOf\":{\"@id\":\"https:\\\/\\\/www.revistarambla.com\\\/la-tesis-de-camps-y-otros-disfraces\\\/\"},\"author\":{\"name\":\"Jos\u00e9 Manuel Rambla\",\"@id\":\"https:\\\/\\\/www.revistarambla.com\\\/#\\\/schema\\\/person\\\/f8e404c0293434eaf6a60da08d1123e3\"},\"headline\":\"La tesis de Camps y otros disfraces\",\"datePublished\":\"2016-10-23T05:23:27+00:00\",\"dateModified\":\"2022-10-21T15:36:19+00:00\",\"mainEntityOfPage\":{\"@id\":\"https:\\\/\\\/www.revistarambla.com\\\/la-tesis-de-camps-y-otros-disfraces\\\/\"},\"wordCount\":966,\"commentCount\":0,\"publisher\":{\"@id\":\"https:\\\/\\\/www.revistarambla.com\\\/#organization\"},\"image\":{\"@id\":\"https:\\\/\\\/www.revistarambla.com\\\/la-tesis-de-camps-y-otros-disfraces\\\/#primaryimage\"},\"thumbnailUrl\":\"https:\\\/\\\/www.revistarambla.com\\\/wp-content\\\/uploads\\\/2016\\\/10\\\/16-10-23-Trajes.jpg\",\"articleSection\":[\"Opiniones\"],\"inLanguage\":\"en-GB\",\"potentialAction\":[{\"@type\":\"CommentAction\",\"name\":\"Comment\",\"target\":[\"https:\\\/\\\/www.revistarambla.com\\\/la-tesis-de-camps-y-otros-disfraces\\\/#respond\"]}]},{\"@type\":\"WebPage\",\"@id\":\"https:\\\/\\\/www.revistarambla.com\\\/la-tesis-de-camps-y-otros-disfraces\\\/\",\"url\":\"https:\\\/\\\/www.revistarambla.com\\\/la-tesis-de-camps-y-otros-disfraces\\\/\",\"name\":\"La tesis de Camps y otros disfraces - Revista Rambla\",\"isPartOf\":{\"@id\":\"https:\\\/\\\/www.revistarambla.com\\\/#website\"},\"primaryImageOfPage\":{\"@id\":\"https:\\\/\\\/www.revistarambla.com\\\/la-tesis-de-camps-y-otros-disfraces\\\/#primaryimage\"},\"image\":{\"@id\":\"https:\\\/\\\/www.revistarambla.com\\\/la-tesis-de-camps-y-otros-disfraces\\\/#primaryimage\"},\"thumbnailUrl\":\"https:\\\/\\\/www.revistarambla.com\\\/wp-content\\\/uploads\\\/2016\\\/10\\\/16-10-23-Trajes.jpg\",\"datePublished\":\"2016-10-23T05:23:27+00:00\",\"dateModified\":\"2022-10-21T15:36:19+00:00\",\"breadcrumb\":{\"@id\":\"https:\\\/\\\/www.revistarambla.com\\\/la-tesis-de-camps-y-otros-disfraces\\\/#breadcrumb\"},\"inLanguage\":\"en-GB\",\"potentialAction\":[{\"@type\":\"ReadAction\",\"target\":[\"https:\\\/\\\/www.revistarambla.com\\\/la-tesis-de-camps-y-otros-disfraces\\\/\"]}]},{\"@type\":\"ImageObject\",\"inLanguage\":\"en-GB\",\"@id\":\"https:\\\/\\\/www.revistarambla.com\\\/la-tesis-de-camps-y-otros-disfraces\\\/#primaryimage\",\"url\":\"https:\\\/\\\/www.revistarambla.com\\\/wp-content\\\/uploads\\\/2016\\\/10\\\/16-10-23-Trajes.jpg\",\"contentUrl\":\"https:\\\/\\\/www.revistarambla.com\\\/wp-content\\\/uploads\\\/2016\\\/10\\\/16-10-23-Trajes.jpg\",\"width\":850,\"height\":592},{\"@type\":\"BreadcrumbList\",\"@id\":\"https:\\\/\\\/www.revistarambla.com\\\/la-tesis-de-camps-y-otros-disfraces\\\/#breadcrumb\",\"itemListElement\":[{\"@type\":\"ListItem\",\"position\":1,\"name\":\"Portada\",\"item\":\"https:\\\/\\\/www.revistarambla.com\\\/\"},{\"@type\":\"ListItem\",\"position\":2,\"name\":\"La tesis de Camps y otros disfraces\"}]},{\"@type\":\"WebSite\",\"@id\":\"https:\\\/\\\/www.revistarambla.com\\\/#website\",\"url\":\"https:\\\/\\\/www.revistarambla.com\\\/\",\"name\":\"Revista Rambla Barcelona\",\"description\":\"Periodismo independiente\",\"publisher\":{\"@id\":\"https:\\\/\\\/www.revistarambla.com\\\/#organization\"},\"potentialAction\":[{\"@type\":\"SearchAction\",\"target\":{\"@type\":\"EntryPoint\",\"urlTemplate\":\"https:\\\/\\\/www.revistarambla.com\\\/?s={search_term_string}\"},\"query-input\":{\"@type\":\"PropertyValueSpecification\",\"valueRequired\":true,\"valueName\":\"search_term_string\"}}],\"inLanguage\":\"en-GB\"},{\"@type\":\"Organization\",\"@id\":\"https:\\\/\\\/www.revistarambla.com\\\/#organization\",\"name\":\"Revista Rambla\",\"url\":\"https:\\\/\\\/www.revistarambla.com\\\/\",\"logo\":{\"@type\":\"ImageObject\",\"inLanguage\":\"en-GB\",\"@id\":\"https:\\\/\\\/www.revistarambla.com\\\/#\\\/schema\\\/logo\\\/image\\\/\",\"url\":\"https:\\\/\\\/www.revistarambla.com\\\/wp-content\\\/uploads\\\/2020\\\/09\\\/banner_rambla_1900x600_BB.png\",\"contentUrl\":\"https:\\\/\\\/www.revistarambla.com\\\/wp-content\\\/uploads\\\/2020\\\/09\\\/banner_rambla_1900x600_BB.png\",\"width\":1900,\"height\":600,\"caption\":\"Revista Rambla\"},\"image\":{\"@id\":\"https:\\\/\\\/www.revistarambla.com\\\/#\\\/schema\\\/logo\\\/image\\\/\"},\"sameAs\":[\"https:\\\/\\\/www.facebook.com\\\/revistarambla\\\/\",\"https:\\\/\\\/x.com\\\/revistarambla\",\"https:\\\/\\\/www.instagram.com\\\/revista_rambla\",\"https:\\\/\\\/es.linkedin.com\\\/company\\\/revista-rambla\"]},{\"@type\":\"Person\",\"@id\":\"https:\\\/\\\/www.revistarambla.com\\\/#\\\/schema\\\/person\\\/f8e404c0293434eaf6a60da08d1123e3\",\"name\":\"Jos\u00e9 Manuel Rambla\",\"description\":\"Periodista cultural y columnista.\",\"sameAs\":[\"https:\\\/\\\/aesteladodelparaiso.com\\\/\",\"https:\\\/\\\/www.facebook.com\\\/josemanuelrambla\\\/\",\"https:\\\/\\\/x.com\\\/jmrambla\"]}]}<\/script>\n<!-- \/ Yoast SEO plugin. -->","yoast_head_json":{"title":"La tesis de Camps y otros disfraces - Revista Rambla","robots":{"index":"index","follow":"follow","max-snippet":"max-snippet:-1","max-image-preview":"max-image-preview:large","max-video-preview":"max-video-preview:-1"},"canonical":"https:\/\/www.revistarambla.com\/en\/la-tesis-de-camps-y-otros-disfraces\/","og_locale":"en_GB","og_type":"article","og_title":"La tesis de Camps y otros disfraces - Revista Rambla","og_description":"Los hom\u00ednidos siempre hemos tenido una irresistible inclinaci\u00f3n al disfraz. De hecho, lo primero que hicieron hombre y mujer una vez expulsados del para\u00edso fue disfrazarse de Ad\u00e1n y Eva con una hoja de parra. Porque si la versi\u00f3n oficial b\u00edblica asegura que los dos protagonistas cubrieron su cuerpo tras [&hellip;]","og_url":"https:\/\/www.revistarambla.com\/en\/la-tesis-de-camps-y-otros-disfraces\/","og_site_name":"Revista Rambla","article_publisher":"https:\/\/www.facebook.com\/revistarambla\/","article_author":"https:\/\/www.facebook.com\/josemanuelrambla\/","article_published_time":"2016-10-23T05:23:27+00:00","article_modified_time":"2022-10-21T15:36:19+00:00","og_image":[{"width":850,"height":592,"url":"https:\/\/www.revistarambla.com\/wp-content\/uploads\/2016\/10\/16-10-23-Trajes.jpg","type":"image\/jpeg"}],"author":"Jos\u00e9 Manuel Rambla","twitter_card":"summary_large_image","twitter_creator":"@jmrambla","twitter_site":"@revistarambla","twitter_misc":{"Written by":"Jos\u00e9 Manuel Rambla","Estimated reading time":"4 minutes"},"schema":{"@context":"https:\/\/schema.org","@graph":[{"@type":"Article","@id":"https:\/\/www.revistarambla.com\/la-tesis-de-camps-y-otros-disfraces\/#article","isPartOf":{"@id":"https:\/\/www.revistarambla.com\/la-tesis-de-camps-y-otros-disfraces\/"},"author":{"name":"Jos\u00e9 Manuel Rambla","@id":"https:\/\/www.revistarambla.com\/#\/schema\/person\/f8e404c0293434eaf6a60da08d1123e3"},"headline":"La tesis de Camps y otros disfraces","datePublished":"2016-10-23T05:23:27+00:00","dateModified":"2022-10-21T15:36:19+00:00","mainEntityOfPage":{"@id":"https:\/\/www.revistarambla.com\/la-tesis-de-camps-y-otros-disfraces\/"},"wordCount":966,"commentCount":0,"publisher":{"@id":"https:\/\/www.revistarambla.com\/#organization"},"image":{"@id":"https:\/\/www.revistarambla.com\/la-tesis-de-camps-y-otros-disfraces\/#primaryimage"},"thumbnailUrl":"https:\/\/www.revistarambla.com\/wp-content\/uploads\/2016\/10\/16-10-23-Trajes.jpg","articleSection":["Opiniones"],"inLanguage":"en-GB","potentialAction":[{"@type":"CommentAction","name":"Comment","target":["https:\/\/www.revistarambla.com\/la-tesis-de-camps-y-otros-disfraces\/#respond"]}]},{"@type":"WebPage","@id":"https:\/\/www.revistarambla.com\/la-tesis-de-camps-y-otros-disfraces\/","url":"https:\/\/www.revistarambla.com\/la-tesis-de-camps-y-otros-disfraces\/","name":"La tesis de Camps y otros disfraces - Revista Rambla","isPartOf":{"@id":"https:\/\/www.revistarambla.com\/#website"},"primaryImageOfPage":{"@id":"https:\/\/www.revistarambla.com\/la-tesis-de-camps-y-otros-disfraces\/#primaryimage"},"image":{"@id":"https:\/\/www.revistarambla.com\/la-tesis-de-camps-y-otros-disfraces\/#primaryimage"},"thumbnailUrl":"https:\/\/www.revistarambla.com\/wp-content\/uploads\/2016\/10\/16-10-23-Trajes.jpg","datePublished":"2016-10-23T05:23:27+00:00","dateModified":"2022-10-21T15:36:19+00:00","breadcrumb":{"@id":"https:\/\/www.revistarambla.com\/la-tesis-de-camps-y-otros-disfraces\/#breadcrumb"},"inLanguage":"en-GB","potentialAction":[{"@type":"ReadAction","target":["https:\/\/www.revistarambla.com\/la-tesis-de-camps-y-otros-disfraces\/"]}]},{"@type":"ImageObject","inLanguage":"en-GB","@id":"https:\/\/www.revistarambla.com\/la-tesis-de-camps-y-otros-disfraces\/#primaryimage","url":"https:\/\/www.revistarambla.com\/wp-content\/uploads\/2016\/10\/16-10-23-Trajes.jpg","contentUrl":"https:\/\/www.revistarambla.com\/wp-content\/uploads\/2016\/10\/16-10-23-Trajes.jpg","width":850,"height":592},{"@type":"BreadcrumbList","@id":"https:\/\/www.revistarambla.com\/la-tesis-de-camps-y-otros-disfraces\/#breadcrumb","itemListElement":[{"@type":"ListItem","position":1,"name":"Portada","item":"https:\/\/www.revistarambla.com\/"},{"@type":"ListItem","position":2,"name":"La tesis de Camps y otros disfraces"}]},{"@type":"WebSite","@id":"https:\/\/www.revistarambla.com\/#website","url":"https:\/\/www.revistarambla.com\/","name":"Revista Rambla Barcelona","description":"Periodismo independiente","publisher":{"@id":"https:\/\/www.revistarambla.com\/#organization"},"potentialAction":[{"@type":"SearchAction","target":{"@type":"EntryPoint","urlTemplate":"https:\/\/www.revistarambla.com\/?s={search_term_string}"},"query-input":{"@type":"PropertyValueSpecification","valueRequired":true,"valueName":"search_term_string"}}],"inLanguage":"en-GB"},{"@type":"Organization","@id":"https:\/\/www.revistarambla.com\/#organization","name":"Revista Rambla","url":"https:\/\/www.revistarambla.com\/","logo":{"@type":"ImageObject","inLanguage":"en-GB","@id":"https:\/\/www.revistarambla.com\/#\/schema\/logo\/image\/","url":"https:\/\/www.revistarambla.com\/wp-content\/uploads\/2020\/09\/banner_rambla_1900x600_BB.png","contentUrl":"https:\/\/www.revistarambla.com\/wp-content\/uploads\/2020\/09\/banner_rambla_1900x600_BB.png","width":1900,"height":600,"caption":"Revista Rambla"},"image":{"@id":"https:\/\/www.revistarambla.com\/#\/schema\/logo\/image\/"},"sameAs":["https:\/\/www.facebook.com\/revistarambla\/","https:\/\/x.com\/revistarambla","https:\/\/www.instagram.com\/revista_rambla","https:\/\/es.linkedin.com\/company\/revista-rambla"]},{"@type":"Person","@id":"https:\/\/www.revistarambla.com\/#\/schema\/person\/f8e404c0293434eaf6a60da08d1123e3","name":"Jos\u00e9 Manuel Rambla","description":"Periodista cultural y columnista.","sameAs":["https:\/\/aesteladodelparaiso.com\/","https:\/\/www.facebook.com\/josemanuelrambla\/","https:\/\/x.com\/jmrambla"]}]}},"_links":{"self":[{"href":"https:\/\/www.revistarambla.com\/en\/wp-json\/wp\/v2\/posts\/10326","targetHints":{"allow":["GET"]}}],"collection":[{"href":"https:\/\/www.revistarambla.com\/en\/wp-json\/wp\/v2\/posts"}],"about":[{"href":"https:\/\/www.revistarambla.com\/en\/wp-json\/wp\/v2\/types\/post"}],"author":[{"embeddable":true,"href":"https:\/\/www.revistarambla.com\/en\/wp-json\/wp\/v2\/users\/325"}],"replies":[{"embeddable":true,"href":"https:\/\/www.revistarambla.com\/en\/wp-json\/wp\/v2\/comments?post=10326"}],"version-history":[{"count":1,"href":"https:\/\/www.revistarambla.com\/en\/wp-json\/wp\/v2\/posts\/10326\/revisions"}],"predecessor-version":[{"id":48347,"href":"https:\/\/www.revistarambla.com\/en\/wp-json\/wp\/v2\/posts\/10326\/revisions\/48347"}],"wp:featuredmedia":[{"embeddable":true,"href":"https:\/\/www.revistarambla.com\/en\/wp-json\/wp\/v2\/media\/10331"}],"wp:attachment":[{"href":"https:\/\/www.revistarambla.com\/en\/wp-json\/wp\/v2\/media?parent=10326"}],"wp:term":[{"taxonomy":"category","embeddable":true,"href":"https:\/\/www.revistarambla.com\/en\/wp-json\/wp\/v2\/categories?post=10326"},{"taxonomy":"post_tag","embeddable":true,"href":"https:\/\/www.revistarambla.com\/en\/wp-json\/wp\/v2\/tags?post=10326"}],"curies":[{"name":"wp","href":"https:\/\/api.w.org\/{rel}","templated":true}]}}