{"id":10315,"date":"2016-10-21T08:10:41","date_gmt":"2016-10-21T06:10:41","guid":{"rendered":"https:\/\/www.revistarambla.com\/?p=10315"},"modified":"2021-04-06T20:10:39","modified_gmt":"2021-04-06T18:10:39","slug":"salir-del-euro-salir-de-la-union-europea","status":"publish","type":"post","link":"https:\/\/www.revistarambla.com\/en\/salir-del-euro-salir-de-la-union-europea\/","title":{"rendered":"Salir del euro, salir de la Uni\u00f3n Europea\u2026"},"content":{"rendered":"<p><img decoding=\"async\" class=\"wp-image-10317 size-full aligncenter\" src=\"https:\/\/www.revistarambla.com\/wp-content\/uploads\/2016\/10\/euro2.jpg\" alt=\"euro2\" width=\"800\" height=\"530\" srcset=\"https:\/\/www.revistarambla.com\/wp-content\/uploads\/2016\/10\/euro2.jpg 800w, https:\/\/www.revistarambla.com\/wp-content\/uploads\/2016\/10\/euro2-300x199.jpg 300w, https:\/\/www.revistarambla.com\/wp-content\/uploads\/2016\/10\/euro2-768x509.jpg 768w, https:\/\/www.revistarambla.com\/wp-content\/uploads\/2016\/10\/euro2-500x331.jpg 500w\" sizes=\"(max-width: 800px) 100vw, 800px\" \/><\/p>\n<p style=\"text-align: left;\">En estos d\u00edas los llamados <strong>\u201cHombres de negro\u201d<\/strong> del <strong>Fondo Monetario Internacional<\/strong>, la <strong>Comisi\u00f3n Europea <\/strong>y del <strong>Banco Central<\/strong> han llegado a Espa\u00f1a para fiscalizar el d\u00e9ficit p\u00fablico y los Presupuestos Generales del Estado. Si no son pocos los economistas cr\u00edticos que califican a los <strong>Tratados Neoliberales<\/strong> como la <strong>miseria programa<\/strong> para la mayor\u00eda y la riqueza para unos pocos, <strong>la plutocracia<\/strong>, vamos, podemos decir que los \u201cHombres de negro\u201d son los ejecutores de unas organizaciones no elegidas democr\u00e1ticamente y que se imponen a la soberan\u00eda popular de los pueblos. La tan cacareada Soberan\u00eda Nacional que esgrime el gobierno en funciones del PP como arma arrojadiza contra los que quieren ejercer el derecho democr\u00e1tico a un refer\u00e9ndum, no tienen problema en sacrificar esa soberan\u00eda ante las instituciones econ\u00f3micas europeas, incluso cambiando de la noche a la ma\u00f1ana art\u00edculos de la \u201csacrosanta\u201d Constituci\u00f3n pas\u00e1ndose por el forro los consensos, la lucha de mayor\u00edas y las m\u00e1s m\u00ednimas medidas democr\u00e1ticas para dichos cambios, como ser\u00eda consultar a la ciudadan\u00eda. <strong>Pagar prioritariamente<\/strong> <strong>una deuda<\/strong> que no es p\u00fablica, si no privada, es otra de las formas de pleites\u00eda que los gobiernos nacionales de la Comunidad Europea demuestran ante las instituciones del Eurogrupo, con Alemania a la cabeza, que act\u00faan casi como si los dem\u00e1s pa\u00edses fueran sus protectorados. Es esta servidumbre la que denuncian en el comunicado que encabeza <strong>Julio Anguita<\/strong>, comunicado con el t\u00edtulo: <strong>\u201cEn defensa de la dignidad de los pueblos, rechazamos las amenazas, chantajes e injerencias del \u201cEurogrupo\u201d y la Comisi\u00f3n Europea\u201d<\/strong>.<\/p>\n<p style=\"text-align: left;\">Hace a\u00f1os que Julio Anguita viene defendiendo la salida de la Uni\u00f3n Europea y del euro. En 2013 ya declar\u00f3: <strong>\u201cO nos arriesgamos a salir del euro o nos moriremos de inanici\u00f3n\u201d<\/strong>. La Europa cuyos pol\u00edticos est\u00e1n al dictado de las fuerzas financieras, donde se violan o se dejan de aplicar tratados de derechos humanos continuamente, etc., son cosas que muchas plataformas ciudadanas, formaciones pol\u00edticas, sindicatos, economistas, etc., y el propio Anguita vienen denunciando y diciendo que no hay alternativa de progreso en ese contexto. Los tres puntos principales del manifiesto son:<\/p>\n<p style=\"text-align: left;\"><strong>1.- Defender la soberan\u00eda y la dignidad de la ciudadan\u00eda y pueblos del estado espa\u00f1ol ante la brutal presi\u00f3n de la Comisi\u00f3n Europea que amenaza tramitar la congelaci\u00f3n de los fondos estructurales que se env\u00edan anualmente al estado espa\u00f1ol -lo que significar\u00eda una p\u00e9rdida de m\u00e1s de 1.100 millones de euros- en caso de incumplirse el recorte de 15.000 millones de euros para alcanzar el objetivo impuesto de d\u00e9ficit p\u00fablico del 3,1% en 2017 (2,2% en 2018), cuya concreci\u00f3n debe presentar el gobierno en funciones a Bruselas antes del 15 de octubre.<\/strong><\/p>\n<p style=\"text-align: left;\"><strong>2.- Rechazar la arbitrariedad y el trato desigual que ejercen las instituciones de poder de la UE entre unos y otros estados de la Uni\u00f3n Europea. Es intolerable, que en el pasado se omitiesen las sanciones previstas por incumplimiento de los criterios de Maastricht y del posterior \u201cPacto de estabilidad\u201d sobre d\u00e9ficit p\u00fablico y deuda, a estados como Francia y Alemania que los incumplieron reiteradamente en 11 y 5 ocasiones respectivamente, mientras a estados como Grecia se le ha sometido y castigado con las medidas recogidas en el \u00faltimo memor\u00e1ndum provocando un inmenso dolor social, la quiebra del estado y obstruyendo la salida efectiva de la crisis econ\u00f3mica. Nos oponemos firmemente contra la arbitrariedad de aplicar a nuevos castigos a las ciudadan\u00edas y pueblos de Espa\u00f1a y Portugal, como del resto de la UE.<\/strong><\/p>\n<p style=\"text-align: left;\"><strong>3.- Rebelarse contra las pol\u00edticas fracasadas de ajuste y austeridad que impone las instituciones de la Uni\u00f3n Europea, a pesar del desastre social, del aumento de la injusticia y la desigualdad que han provocado, del estancamiento y riesgo de caer en crisis econ\u00f3micas m\u00e1s profundas, de la crisis pol\u00edtica que se extiende por doquier, con la creciente deslegitimaci\u00f3n de las instituciones de representaci\u00f3n y gobierno en los estados que componen la UE, y el creciente y transversal euroescepticismo hacia el mismo proyecto de la Uni\u00f3n Europea.<\/strong><\/p>\n<p style=\"text-align: left;\">Son muchos los activistas, profesionales, trabajadores, pol\u00edticos y sindicalistas que est\u00e1n firmando este manifiesto. Adem\u00e1s de Julio Anguita que lo encabeza, est\u00e1 el exdiputado de la CUP y periodista David Fern\u00e1ndez, Juan Carlos Monedero, profesor y fundador de Podemos. El profesor de econom\u00eda de la Universidad de Extremadura Juan Andrade y los economistas Jorge Amar, Ram\u00f3n Boixadera, Josep M. Busqueta, Manuel Colomer, etc., y el conocido economista y activista de Justicia y Paz, Arcadi Oliveres. Profesores universitarios como Ermengol Gassiot, de la UAB y secretario general de la CGT de Catalunya, Marina P\u00e9rez, profesora y sindicalista de la USTEC-STEs, Xesus D\u00edaz, el hoy jubilado y secretario general de CC.OO. de Galicia, Luis Blanco, portavoz de la Intersindical Alternativa de Catalunya. Historiadores, periodistas, representantes de Comit\u00e9s de Empresa y de las Mareas, PAH, etc. Y Maria Ant\u00f2ni Arnau, de la Assamblea Pensionistas del barrio de Gr\u00e0cia (Barcelona), o Ignasi Orobit, agricultor apicultor, y Jorge Cortegana, trabajador y sindicalista de la SEAT, entre otros. Son ya miles los firmantes de este texto, que entre otras cosas dice:<\/p>\n<p style=\"text-align: left;\"><strong>\u201cCuando los que detentan el poder real en la UE, no quieren escuchar la voz de protesta e indignaci\u00f3n de los ciudadanos\/as, subestiman las consecuencias de la decisi\u00f3n de la ciudadan\u00eda del Reino Unido de abandonar la UE, permanecen insensibles ante las cr\u00edticas y cuestionamientos de sus pol\u00edticas econ\u00f3micas neoliberales que expresan un creciente n\u00famero de economistas de prestigio internacional, incluso de las opiniones e indicaciones de instituciones como el FMI, los pueblos de los estados de la Uni\u00f3n Europea deben decir basta y tomando ejemplo del Reino Unido romper las cadenas que nos condenan a un futuro sin esperanza\u201d<\/strong>.<\/p>\n<p style=\"text-align: left;\">La idea rom\u00e1ntica de la Europa de los Pueblos, que pensaron Pierre-Joseph Proudhou, o antes de que se \u201ccayera del caballo\u201d, Aristide Briand, parece que se ha prostituido, pero es posible revertir este proceso, y los impulsores de este manifiesto llaman a la movilizaci\u00f3n y\u2026<\/p>\n<p style=\"text-align: left;\"><strong>\u201cDefender nuestra dignidad rompiendo con los tratados que nos esclavizan, derogando el art\u00edculo 135 de la Constituci\u00f3n espa\u00f1ola, y avanzando en la recuperaci\u00f3n de la soberan\u00eda popular\u201d<\/strong>.<\/p>\n<p><img decoding=\"async\" class=\"size-full wp-image-10318 alignleft\" src=\"https:\/\/www.revistarambla.com\/wp-content\/uploads\/2016\/10\/euro3.jpg\" alt=\"euro3\" width=\"800\" height=\"530\" srcset=\"https:\/\/www.revistarambla.com\/wp-content\/uploads\/2016\/10\/euro3.jpg 800w, https:\/\/www.revistarambla.com\/wp-content\/uploads\/2016\/10\/euro3-300x199.jpg 300w, https:\/\/www.revistarambla.com\/wp-content\/uploads\/2016\/10\/euro3-768x509.jpg 768w, https:\/\/www.revistarambla.com\/wp-content\/uploads\/2016\/10\/euro3-500x331.jpg 500w\" sizes=\"(max-width: 800px) 100vw, 800px\" \/><\/p>","protected":false},"excerpt":{"rendered":"<p>El Frente C\u00edvico, plataforma ciudadana cuyo promotor es Julio Anguita, lanza un manifiesto y recogida de firmas contra los nuevos recortes presupuestarios y del gasto p\u00fablico que, en el objetivo de d\u00e9ficit de 2017, nos imponen desde Europa<\/p>","protected":false},"author":3,"featured_media":10316,"comment_status":"open","ping_status":"open","sticky":false,"template":"","format":"standard","meta":{"footnotes":""},"categories":[3,76],"tags":[],"class_list":["post-10315","post","type-post","status-publish","format-standard","has-post-thumbnail","hentry","category-actualidad","category-barcelona"],"yoast_head":"<!-- This site is optimized with the Yoast SEO plugin v27.5 - https:\/\/yoast.com\/product\/yoast-seo-wordpress\/ -->\n<title>Salir del euro, salir de la Uni\u00f3n Europea\u2026 - Revista Rambla<\/title>\n<meta name=\"robots\" content=\"index, follow, max-snippet:-1, max-image-preview:large, max-video-preview:-1\" \/>\n<link rel=\"canonical\" href=\"https:\/\/www.revistarambla.com\/en\/salir-del-euro-salir-de-la-union-europea\/\" \/>\n<meta property=\"og:locale\" content=\"en_GB\" \/>\n<meta property=\"og:type\" content=\"article\" \/>\n<meta property=\"og:title\" content=\"Salir del euro, salir de la Uni\u00f3n Europea\u2026 - Revista Rambla\" \/>\n<meta property=\"og:description\" content=\"El Frente C\u00edvico, plataforma ciudadana cuyo promotor es Julio Anguita, lanza un manifiesto y recogida de firmas contra los nuevos recortes presupuestarios y del gasto p\u00fablico que, en el objetivo de d\u00e9ficit de 2017, nos imponen desde Europa\" \/>\n<meta property=\"og:url\" content=\"https:\/\/www.revistarambla.com\/en\/salir-del-euro-salir-de-la-union-europea\/\" \/>\n<meta property=\"og:site_name\" content=\"Revista Rambla\" \/>\n<meta property=\"article:publisher\" content=\"https:\/\/www.facebook.com\/revistarambla\/\" \/>\n<meta property=\"article:author\" content=\"https:\/\/www.facebook.com\/revistarambla\" \/>\n<meta property=\"article:published_time\" content=\"2016-10-21T06:10:41+00:00\" \/>\n<meta property=\"article:modified_time\" content=\"2021-04-06T18:10:39+00:00\" \/>\n<meta property=\"og:image\" content=\"https:\/\/i1.wp.com\/www.revistarambla.com\/wp-content\/uploads\/2016\/10\/euro.jpg?fit=800%2C532&ssl=1\" \/>\n\t<meta property=\"og:image:width\" content=\"800\" \/>\n\t<meta property=\"og:image:height\" content=\"532\" \/>\n\t<meta property=\"og:image:type\" content=\"image\/jpeg\" \/>\n<meta name=\"author\" content=\"R@mbla\" \/>\n<meta name=\"twitter:card\" content=\"summary_large_image\" \/>\n<meta name=\"twitter:creator\" content=\"@revistarambla\" \/>\n<meta name=\"twitter:site\" content=\"@revistarambla\" \/>\n<meta name=\"twitter:label1\" content=\"Written by\" \/>\n\t<meta name=\"twitter:data1\" content=\"R@mbla\" \/>\n\t<meta name=\"twitter:label2\" content=\"Estimated reading time\" \/>\n\t<meta name=\"twitter:data2\" content=\"5 minutes\" \/>\n<script type=\"application\/ld+json\" class=\"yoast-schema-graph\">{\"@context\":\"https:\\\/\\\/schema.org\",\"@graph\":[{\"@type\":\"Article\",\"@id\":\"https:\\\/\\\/www.revistarambla.com\\\/salir-del-euro-salir-de-la-union-europea\\\/#article\",\"isPartOf\":{\"@id\":\"https:\\\/\\\/www.revistarambla.com\\\/salir-del-euro-salir-de-la-union-europea\\\/\"},\"author\":{\"name\":\"R@mbla\",\"@id\":\"https:\\\/\\\/www.revistarambla.com\\\/#\\\/schema\\\/person\\\/a146a5a2550b94981a75131180e1bd9c\"},\"headline\":\"Salir del euro, salir de la Uni\u00f3n Europea\u2026\",\"datePublished\":\"2016-10-21T06:10:41+00:00\",\"dateModified\":\"2021-04-06T18:10:39+00:00\",\"mainEntityOfPage\":{\"@id\":\"https:\\\/\\\/www.revistarambla.com\\\/salir-del-euro-salir-de-la-union-europea\\\/\"},\"wordCount\":1095,\"commentCount\":0,\"publisher\":{\"@id\":\"https:\\\/\\\/www.revistarambla.com\\\/#organization\"},\"image\":{\"@id\":\"https:\\\/\\\/www.revistarambla.com\\\/salir-del-euro-salir-de-la-union-europea\\\/#primaryimage\"},\"thumbnailUrl\":\"https:\\\/\\\/www.revistarambla.com\\\/wp-content\\\/uploads\\\/2016\\\/10\\\/euro.jpg\",\"articleSection\":[\"Actualidad\",\"Barcelona\"],\"inLanguage\":\"en-GB\",\"potentialAction\":[{\"@type\":\"CommentAction\",\"name\":\"Comment\",\"target\":[\"https:\\\/\\\/www.revistarambla.com\\\/salir-del-euro-salir-de-la-union-europea\\\/#respond\"]}]},{\"@type\":\"WebPage\",\"@id\":\"https:\\\/\\\/www.revistarambla.com\\\/salir-del-euro-salir-de-la-union-europea\\\/\",\"url\":\"https:\\\/\\\/www.revistarambla.com\\\/salir-del-euro-salir-de-la-union-europea\\\/\",\"name\":\"Salir del euro, salir de la Uni\u00f3n Europea\u2026 - Revista Rambla\",\"isPartOf\":{\"@id\":\"https:\\\/\\\/www.revistarambla.com\\\/#website\"},\"primaryImageOfPage\":{\"@id\":\"https:\\\/\\\/www.revistarambla.com\\\/salir-del-euro-salir-de-la-union-europea\\\/#primaryimage\"},\"image\":{\"@id\":\"https:\\\/\\\/www.revistarambla.com\\\/salir-del-euro-salir-de-la-union-europea\\\/#primaryimage\"},\"thumbnailUrl\":\"https:\\\/\\\/www.revistarambla.com\\\/wp-content\\\/uploads\\\/2016\\\/10\\\/euro.jpg\",\"datePublished\":\"2016-10-21T06:10:41+00:00\",\"dateModified\":\"2021-04-06T18:10:39+00:00\",\"breadcrumb\":{\"@id\":\"https:\\\/\\\/www.revistarambla.com\\\/salir-del-euro-salir-de-la-union-europea\\\/#breadcrumb\"},\"inLanguage\":\"en-GB\",\"potentialAction\":[{\"@type\":\"ReadAction\",\"target\":[\"https:\\\/\\\/www.revistarambla.com\\\/salir-del-euro-salir-de-la-union-europea\\\/\"]}]},{\"@type\":\"ImageObject\",\"inLanguage\":\"en-GB\",\"@id\":\"https:\\\/\\\/www.revistarambla.com\\\/salir-del-euro-salir-de-la-union-europea\\\/#primaryimage\",\"url\":\"https:\\\/\\\/www.revistarambla.com\\\/wp-content\\\/uploads\\\/2016\\\/10\\\/euro.jpg\",\"contentUrl\":\"https:\\\/\\\/www.revistarambla.com\\\/wp-content\\\/uploads\\\/2016\\\/10\\\/euro.jpg\",\"width\":800,\"height\":532},{\"@type\":\"BreadcrumbList\",\"@id\":\"https:\\\/\\\/www.revistarambla.com\\\/salir-del-euro-salir-de-la-union-europea\\\/#breadcrumb\",\"itemListElement\":[{\"@type\":\"ListItem\",\"position\":1,\"name\":\"Portada\",\"item\":\"https:\\\/\\\/www.revistarambla.com\\\/\"},{\"@type\":\"ListItem\",\"position\":2,\"name\":\"Salir del euro, salir de la Uni\u00f3n Europea\u2026\"}]},{\"@type\":\"WebSite\",\"@id\":\"https:\\\/\\\/www.revistarambla.com\\\/#website\",\"url\":\"https:\\\/\\\/www.revistarambla.com\\\/\",\"name\":\"Revista Rambla Barcelona\",\"description\":\"Periodismo independiente\",\"publisher\":{\"@id\":\"https:\\\/\\\/www.revistarambla.com\\\/#organization\"},\"potentialAction\":[{\"@type\":\"SearchAction\",\"target\":{\"@type\":\"EntryPoint\",\"urlTemplate\":\"https:\\\/\\\/www.revistarambla.com\\\/?s={search_term_string}\"},\"query-input\":{\"@type\":\"PropertyValueSpecification\",\"valueRequired\":true,\"valueName\":\"search_term_string\"}}],\"inLanguage\":\"en-GB\"},{\"@type\":\"Organization\",\"@id\":\"https:\\\/\\\/www.revistarambla.com\\\/#organization\",\"name\":\"Revista Rambla\",\"url\":\"https:\\\/\\\/www.revistarambla.com\\\/\",\"logo\":{\"@type\":\"ImageObject\",\"inLanguage\":\"en-GB\",\"@id\":\"https:\\\/\\\/www.revistarambla.com\\\/#\\\/schema\\\/logo\\\/image\\\/\",\"url\":\"https:\\\/\\\/www.revistarambla.com\\\/wp-content\\\/uploads\\\/2020\\\/09\\\/banner_rambla_1900x600_BB.png\",\"contentUrl\":\"https:\\\/\\\/www.revistarambla.com\\\/wp-content\\\/uploads\\\/2020\\\/09\\\/banner_rambla_1900x600_BB.png\",\"width\":1900,\"height\":600,\"caption\":\"Revista Rambla\"},\"image\":{\"@id\":\"https:\\\/\\\/www.revistarambla.com\\\/#\\\/schema\\\/logo\\\/image\\\/\"},\"sameAs\":[\"https:\\\/\\\/www.facebook.com\\\/revistarambla\\\/\",\"https:\\\/\\\/x.com\\\/revistarambla\",\"https:\\\/\\\/www.instagram.com\\\/revista_rambla\",\"https:\\\/\\\/es.linkedin.com\\\/company\\\/revista-rambla\"]},{\"@type\":\"Person\",\"@id\":\"https:\\\/\\\/www.revistarambla.com\\\/#\\\/schema\\\/person\\\/a146a5a2550b94981a75131180e1bd9c\",\"name\":\"R@mbla\",\"description\":\"Este art\u00edculo ha sido redactado y\\\/o validado por el equipo de redacci\u00f3n de Revista Rambla.\",\"sameAs\":[\"https:\\\/\\\/www.revistarambla.com\\\/\",\"https:\\\/\\\/www.facebook.com\\\/revistarambla\",\"https:\\\/\\\/x.com\\\/revistarambla\"]}]}<\/script>\n<!-- \/ Yoast SEO plugin. -->","yoast_head_json":{"title":"Salir del euro, salir de la Uni\u00f3n Europea\u2026 - Revista Rambla","robots":{"index":"index","follow":"follow","max-snippet":"max-snippet:-1","max-image-preview":"max-image-preview:large","max-video-preview":"max-video-preview:-1"},"canonical":"https:\/\/www.revistarambla.com\/en\/salir-del-euro-salir-de-la-union-europea\/","og_locale":"en_GB","og_type":"article","og_title":"Salir del euro, salir de la Uni\u00f3n Europea\u2026 - Revista Rambla","og_description":"El Frente C\u00edvico, plataforma ciudadana cuyo promotor es Julio Anguita, lanza un manifiesto y recogida de firmas contra los nuevos recortes presupuestarios y del gasto p\u00fablico que, en el objetivo de d\u00e9ficit de 2017, nos imponen desde Europa","og_url":"https:\/\/www.revistarambla.com\/en\/salir-del-euro-salir-de-la-union-europea\/","og_site_name":"Revista Rambla","article_publisher":"https:\/\/www.facebook.com\/revistarambla\/","article_author":"https:\/\/www.facebook.com\/revistarambla","article_published_time":"2016-10-21T06:10:41+00:00","article_modified_time":"2021-04-06T18:10:39+00:00","og_image":[{"width":800,"height":532,"url":"https:\/\/i1.wp.com\/www.revistarambla.com\/wp-content\/uploads\/2016\/10\/euro.jpg?fit=800%2C532&ssl=1","type":"image\/jpeg"}],"author":"R@mbla","twitter_card":"summary_large_image","twitter_creator":"@revistarambla","twitter_site":"@revistarambla","twitter_misc":{"Written by":"R@mbla","Estimated reading time":"5 minutes"},"schema":{"@context":"https:\/\/schema.org","@graph":[{"@type":"Article","@id":"https:\/\/www.revistarambla.com\/salir-del-euro-salir-de-la-union-europea\/#article","isPartOf":{"@id":"https:\/\/www.revistarambla.com\/salir-del-euro-salir-de-la-union-europea\/"},"author":{"name":"R@mbla","@id":"https:\/\/www.revistarambla.com\/#\/schema\/person\/a146a5a2550b94981a75131180e1bd9c"},"headline":"Salir del euro, salir de la Uni\u00f3n Europea\u2026","datePublished":"2016-10-21T06:10:41+00:00","dateModified":"2021-04-06T18:10:39+00:00","mainEntityOfPage":{"@id":"https:\/\/www.revistarambla.com\/salir-del-euro-salir-de-la-union-europea\/"},"wordCount":1095,"commentCount":0,"publisher":{"@id":"https:\/\/www.revistarambla.com\/#organization"},"image":{"@id":"https:\/\/www.revistarambla.com\/salir-del-euro-salir-de-la-union-europea\/#primaryimage"},"thumbnailUrl":"https:\/\/www.revistarambla.com\/wp-content\/uploads\/2016\/10\/euro.jpg","articleSection":["Actualidad","Barcelona"],"inLanguage":"en-GB","potentialAction":[{"@type":"CommentAction","name":"Comment","target":["https:\/\/www.revistarambla.com\/salir-del-euro-salir-de-la-union-europea\/#respond"]}]},{"@type":"WebPage","@id":"https:\/\/www.revistarambla.com\/salir-del-euro-salir-de-la-union-europea\/","url":"https:\/\/www.revistarambla.com\/salir-del-euro-salir-de-la-union-europea\/","name":"Salir del euro, salir de la Uni\u00f3n Europea\u2026 - Revista Rambla","isPartOf":{"@id":"https:\/\/www.revistarambla.com\/#website"},"primaryImageOfPage":{"@id":"https:\/\/www.revistarambla.com\/salir-del-euro-salir-de-la-union-europea\/#primaryimage"},"image":{"@id":"https:\/\/www.revistarambla.com\/salir-del-euro-salir-de-la-union-europea\/#primaryimage"},"thumbnailUrl":"https:\/\/www.revistarambla.com\/wp-content\/uploads\/2016\/10\/euro.jpg","datePublished":"2016-10-21T06:10:41+00:00","dateModified":"2021-04-06T18:10:39+00:00","breadcrumb":{"@id":"https:\/\/www.revistarambla.com\/salir-del-euro-salir-de-la-union-europea\/#breadcrumb"},"inLanguage":"en-GB","potentialAction":[{"@type":"ReadAction","target":["https:\/\/www.revistarambla.com\/salir-del-euro-salir-de-la-union-europea\/"]}]},{"@type":"ImageObject","inLanguage":"en-GB","@id":"https:\/\/www.revistarambla.com\/salir-del-euro-salir-de-la-union-europea\/#primaryimage","url":"https:\/\/www.revistarambla.com\/wp-content\/uploads\/2016\/10\/euro.jpg","contentUrl":"https:\/\/www.revistarambla.com\/wp-content\/uploads\/2016\/10\/euro.jpg","width":800,"height":532},{"@type":"BreadcrumbList","@id":"https:\/\/www.revistarambla.com\/salir-del-euro-salir-de-la-union-europea\/#breadcrumb","itemListElement":[{"@type":"ListItem","position":1,"name":"Portada","item":"https:\/\/www.revistarambla.com\/"},{"@type":"ListItem","position":2,"name":"Salir del euro, salir de la Uni\u00f3n Europea\u2026"}]},{"@type":"WebSite","@id":"https:\/\/www.revistarambla.com\/#website","url":"https:\/\/www.revistarambla.com\/","name":"Revista Rambla Barcelona","description":"Periodismo independiente","publisher":{"@id":"https:\/\/www.revistarambla.com\/#organization"},"potentialAction":[{"@type":"SearchAction","target":{"@type":"EntryPoint","urlTemplate":"https:\/\/www.revistarambla.com\/?s={search_term_string}"},"query-input":{"@type":"PropertyValueSpecification","valueRequired":true,"valueName":"search_term_string"}}],"inLanguage":"en-GB"},{"@type":"Organization","@id":"https:\/\/www.revistarambla.com\/#organization","name":"Revista Rambla","url":"https:\/\/www.revistarambla.com\/","logo":{"@type":"ImageObject","inLanguage":"en-GB","@id":"https:\/\/www.revistarambla.com\/#\/schema\/logo\/image\/","url":"https:\/\/www.revistarambla.com\/wp-content\/uploads\/2020\/09\/banner_rambla_1900x600_BB.png","contentUrl":"https:\/\/www.revistarambla.com\/wp-content\/uploads\/2020\/09\/banner_rambla_1900x600_BB.png","width":1900,"height":600,"caption":"Revista Rambla"},"image":{"@id":"https:\/\/www.revistarambla.com\/#\/schema\/logo\/image\/"},"sameAs":["https:\/\/www.facebook.com\/revistarambla\/","https:\/\/x.com\/revistarambla","https:\/\/www.instagram.com\/revista_rambla","https:\/\/es.linkedin.com\/company\/revista-rambla"]},{"@type":"Person","@id":"https:\/\/www.revistarambla.com\/#\/schema\/person\/a146a5a2550b94981a75131180e1bd9c","name":"R@mbla","description":"Este art\u00edculo ha sido redactado y\/o validado por el equipo de redacci\u00f3n de Revista Rambla.","sameAs":["https:\/\/www.revistarambla.com\/","https:\/\/www.facebook.com\/revistarambla","https:\/\/x.com\/revistarambla"]}]}},"_links":{"self":[{"href":"https:\/\/www.revistarambla.com\/en\/wp-json\/wp\/v2\/posts\/10315","targetHints":{"allow":["GET"]}}],"collection":[{"href":"https:\/\/www.revistarambla.com\/en\/wp-json\/wp\/v2\/posts"}],"about":[{"href":"https:\/\/www.revistarambla.com\/en\/wp-json\/wp\/v2\/types\/post"}],"author":[{"embeddable":true,"href":"https:\/\/www.revistarambla.com\/en\/wp-json\/wp\/v2\/users\/3"}],"replies":[{"embeddable":true,"href":"https:\/\/www.revistarambla.com\/en\/wp-json\/wp\/v2\/comments?post=10315"}],"version-history":[{"count":0,"href":"https:\/\/www.revistarambla.com\/en\/wp-json\/wp\/v2\/posts\/10315\/revisions"}],"wp:featuredmedia":[{"embeddable":true,"href":"https:\/\/www.revistarambla.com\/en\/wp-json\/wp\/v2\/media\/10316"}],"wp:attachment":[{"href":"https:\/\/www.revistarambla.com\/en\/wp-json\/wp\/v2\/media?parent=10315"}],"wp:term":[{"taxonomy":"category","embeddable":true,"href":"https:\/\/www.revistarambla.com\/en\/wp-json\/wp\/v2\/categories?post=10315"},{"taxonomy":"post_tag","embeddable":true,"href":"https:\/\/www.revistarambla.com\/en\/wp-json\/wp\/v2\/tags?post=10315"}],"curies":[{"name":"wp","href":"https:\/\/api.w.org\/{rel}","templated":true}]}}