{"id":10237,"date":"2016-10-11T08:05:19","date_gmt":"2016-10-11T06:05:19","guid":{"rendered":"https:\/\/www.revistarambla.com\/?p=10237"},"modified":"2021-04-06T20:22:09","modified_gmt":"2021-04-06T18:22:09","slug":"forcadell-y-el-estado-sueco","status":"publish","type":"post","link":"https:\/\/www.revistarambla.com\/en\/forcadell-y-el-estado-sueco\/","title":{"rendered":"Forcadell y el Estado sueco"},"content":{"rendered":"<p style=\"text-align: left;\">Hab\u00eda un rom\u00e1ntico castellano que se descerraj\u00f3 un tiro en la sien. Pero no lo traemos al caso por este desliz, sino por lo que nos dej\u00f3 escrito; o mejor a\u00fan, por lo bien que nos dej\u00f3 descritos a nosotros, los espa\u00f1oles. En uno de sus art\u00edculos atinadamente llamados \u00abde costumbres\u00bb, un franc\u00e9s reci\u00e9n llegado a Madrid, Sans-d\u00e9lai, pretende, en un m\u00e1ximo de quince d\u00edas, haber dado punto y final a los asuntos que le han tra\u00eddo all\u00ed. Frente a este acto de entra\u00f1able inocencia, Larra no puede sino reprimir su risa. Pero como hace gala de una educaci\u00f3n superior a la media, se limita a corregir ligeramente el c\u00f3mputo de tiempo de su invitado galo, adapt\u00e1ndolo pues al hacer de nuestro pa\u00eds, y le dice: \u00abDentro de quince meses est\u00e1is aqu\u00ed todav\u00eda\u00bb. El franc\u00e9s, algo ofendido, le espeta: \u00ab\u00bfOs burl\u00e1is? \u00bfNo me podr\u00e9 marchar cuando quiera? \u00a1Cierto que la idea es graciosa!\u00bb. Pues hombre, no sabemos si es graciosa. Tal vez a principios del siglo diecinueve ten\u00eda su chiste, y uno volv\u00eda a casa retorci\u00e9ndose de la risa despu\u00e9s de un tr\u00e1mite con el Estado. Pero ya se sabe, el tiempo no perdona, y las bromas se desgastan con su uso.<\/p>\n<figure id=\"attachment_10240\" aria-describedby=\"caption-attachment-10240\" style=\"width: 260px\" class=\"wp-caption alignleft\"><img decoding=\"async\" class=\"wp-image-10240\" src=\"https:\/\/www.revistarambla.com\/wp-content\/uploads\/2016\/10\/forcadell-2.jpg\" alt=\"Carme Forcadell Foto: Francesc Sans\" width=\"260\" height=\"529\" srcset=\"https:\/\/www.revistarambla.com\/wp-content\/uploads\/2016\/10\/forcadell-2.jpg 342w, https:\/\/www.revistarambla.com\/wp-content\/uploads\/2016\/10\/forcadell-2-147x300.jpg 147w\" sizes=\"(max-width: 260px) 100vw, 260px\" \/><figcaption id=\"caption-attachment-10240\" class=\"wp-caption-text\">Carme Forcadell Foto: Francesc Sans<\/figcaption><\/figure>\n<p style=\"text-align: left;\">Desconozco si el Estado se piensa todav\u00eda que hace re\u00edr a su pueblo; no s\u00e9 tampoco si siquiera alguien le ha dicho: \u00abOye, que te repites\u00bb. No s\u00e9 si est\u00e1 al tanto de que su humor, en suma, se ha quedado anticuado. En cualquier caso, ya sea as\u00ed o, simplemente, consciente de lo que hace, lo haga por otras razones, lo cierto es que ha conseguido perpetuar el d\u00fao Sans-d\u00e9lai-Burocracia de manera tan \u00edntegra que, de haberlo intentado aposta, no le habr\u00eda salido. Por un lado tenemos al Estado Aletargado, representado por la Fiscal\u00eda y el Tribunal Constitucional; y por otro al franc\u00e9s, representado por el <strong>soberanismo catal\u00e1n<\/strong>.<\/p>\n<p style=\"text-align: left;\">Como ser\u00eda sobremanera perjudicial para el propio Estado no actuar prohibitivamente ante el movimiento del soberanismo, pero como tampoco quiere parecer interesado por la problem\u00e1tica que ello plantea, ha resuelto que el mejor modo de actuaci\u00f3n, el m\u00e1s adecuado a fin de corresponder a su sordera constitutiva es echar abajo todo lo que venga de su franc\u00e9s, sea bueno o sea malo, s\u00f3lo por el hecho de venir de \u00e9l. As\u00ed nos explicamos que se acuse de los delitos de <strong>desobediencia y prevaricaci\u00f3n<\/strong> a Carme Forcadell. Con todo, echamos en falta en la querella de la Fiscal\u00eda la coletilla del \u00aby venga usted ma\u00f1ana\u00bb; aunque, bien pensado, \u00bfno est\u00e1 impl\u00edcita en su denuncia?<\/p>\n<p style=\"text-align: left;\">Que vayan ma\u00f1ana, pues, los pol\u00edticos con su di\u00e1logo, dado que, por lo pronto, van a ser recriminados por ir hoy. Tampoco es que ma\u00f1ana les vayan a prestar atenci\u00f3n; les dicen que lo intenten ma\u00f1ana porque est\u00e1n agotados de dejar las propuestas para el d\u00eda que viene. Y as\u00ed las cosas. Unos proponen, pues en su derecho est\u00e1n, y otros deponen -o lo intentan-.<\/p>\n<p style=\"text-align: left;\">Aparte de <strong>Carme Forcadell<\/strong>, est\u00e1n en riesgo de quedar deso\u00eddos <strong>Jordi Turull<\/strong> y <strong>Anna Gabriel<\/strong>, puesto que se considera que ambos tuvieron un papel relevante en la iniciativa de la consulta del 9N. Para el Estado, esta impugnaci\u00f3n es perfectamente razonable: entra en su l\u00f3gica del \u00abpida lo que me vaya a pedir, venga usted ma\u00f1ana\u00bb. Como si el <strong>derecho <\/strong>a decidir lo m\u00e1s b\u00e1sico de un pueblo, su enmarcaci\u00f3n dentro de una naci\u00f3n, pudiese combatirse con tirones de oreja y monsergas. \u00bfNo se apercibe el l\u00edder del Estado Aletargado, nuestro presidente, de que ya forma un bulto demasiado grande todo lo que ha ido metiendo bajo la alfombra? Se amparar\u00e1n sus ep\u00edgonos en que el Tribunal Constitucional, antes de la celebraci\u00f3n de la consulta, ya hab\u00eda anulado expresamente la posibilidad de la votaci\u00f3n, siendo \u00e9sta, en consecuencia, un <strong>acto de indefectible desobediencia<\/strong>. \u00bfDesobediencia a qui\u00e9n? \u00bfA quienes no quieren hablar? No, pues ser\u00eda absurdo. Por eso nos remiten a la todopoderosa, inmutable e impasible Carta Magna. A ella tendr\u00edamos que ir, empero, no a buscar la excusa para demonizar la voluntad de un pueblo sino, por contra, para dar voz a quienes desean decir algo.<\/p>\n<p style=\"text-align: left;\">Ahora bien, no parece que est\u00e9 dentro de los planes inmediatos del Estado el otorgar la posibilidad de hablar a quienes con \u00e9l disientan. Por este motivo el Tribunal Constitucional, adem\u00e1s de lo antedicho, ha aceptado el recurso presentado por el PP contra la <em>Ley de Igualdad Efectiva de Mujeres y Hombres. <\/em>Con lo cual varios de sus art\u00edculos quedan anulados; art\u00edculos, por cierto, que si desobedecen, desobeceden a la desigualdad. De esta manera han sido tumbados el art\u00edculo 33, con <strong>propuestas contra el acoso sexual<\/strong> en las empresas; algunos apartados del 36, con medidas de igualdad en las empresas, y del 39, sobre la igualdad sindical; el 40, con medidas en la negociaci\u00f3n colectiva; algunos del 41, que introduce <strong>la perspectiva de g\u00e9nero<\/strong> en la regulaci\u00f3n de empleo; y el 44, que examina los riesgos laborales a la luz del g\u00e9nero.<\/p>\n<p style=\"text-align: left;\">A todo esto, pregunt\u00e9monos: \u00bfpuede realmente lo \u00e9tico exceder las competencias auton\u00f3micas? Mi abuela dec\u00eda que \u00abque lo bien dicho, dicho se queda\u00bb, pero no para el Gobierno, que piensa no en lo bien dicho que est\u00e9 una cosa, sino en que est\u00e9 dicho cuando se le ha dejado hablar. \u00bfEs esto democracia, entonces? \u00bfO deber\u00edamos llamarla <strong>democracia-con-permiso-de-palabra<\/strong>? Voto por ello: al menos sabr\u00edamos a qu\u00e9 atenernos.<\/p>\n<p style=\"text-align: left;\">Una ley que promueve la <strong>paridad en los \u00e1mbitos institucionales<\/strong> y una <strong>educaci\u00f3n alejada del sexismo<\/strong>, que busca fomentar la <strong>tolerancia entre los ciudadanos<\/strong>, \u00bfno tiene la raz\u00f3n en s\u00ed misma? Y no es que unos conjurados en una hora de fiebre la hayan ideado al margen de la vida mundana; no, sino que, esta ley, necesaria como todo lo que implique una mejor coexistencia, hab\u00eda sido aprobada por el Parlament de Catalunya con la aquiescencia del sentir general de la sociedad. As\u00ed y todo, veremos sucederse los meses como Vivaldi las lentas estaciones a trav\u00e9s de su ventana, antes de que el Estado tenga la primorosa y genuina idea de estimar alguna ley como las que ahora desecha. Son as\u00ed de pr\u00f3digos nuestros pol\u00edticos, en definitiva, que no escatimando en tiempo, prolongan los efectos de una injusticia a la que sin dificultad ya se sabr\u00eda c\u00f3mo y desde d\u00f3nde poner t\u00e9rmino.<\/p>","protected":false},"excerpt":{"rendered":"<p>Hab\u00eda un rom\u00e1ntico castellano que se descerraj\u00f3 un tiro en la sien. Pero no lo traemos al caso por este desliz, sino por lo que nos dej\u00f3 escrito; o mejor a\u00fan, por lo bien que nos dej\u00f3 descritos a nosotros, los espa\u00f1oles. En uno de sus art\u00edculos atinadamente llamados \u00abde [&hellip;]<\/p>\n","protected":false},"author":3,"featured_media":10239,"comment_status":"open","ping_status":"open","sticky":false,"template":"","format":"standard","meta":{"footnotes":""},"categories":[72],"tags":[],"class_list":["post-10237","post","type-post","status-publish","format-standard","has-post-thumbnail","hentry","category-opinion"],"yoast_head":"<!-- This site is optimized with the Yoast SEO plugin v27.5 - https:\/\/yoast.com\/product\/yoast-seo-wordpress\/ -->\n<title>Forcadell y el Estado sueco - Revista Rambla<\/title>\n<meta name=\"robots\" content=\"index, follow, max-snippet:-1, max-image-preview:large, max-video-preview:-1\" \/>\n<link rel=\"canonical\" href=\"https:\/\/www.revistarambla.com\/en\/forcadell-y-el-estado-sueco\/\" \/>\n<meta property=\"og:locale\" content=\"en_GB\" \/>\n<meta property=\"og:type\" content=\"article\" \/>\n<meta property=\"og:title\" content=\"Forcadell y el Estado sueco - Revista Rambla\" \/>\n<meta property=\"og:description\" content=\"Hab\u00eda un rom\u00e1ntico castellano que se descerraj\u00f3 un tiro en la sien. Pero no lo traemos al caso por este desliz, sino por lo que nos dej\u00f3 escrito; o mejor a\u00fan, por lo bien que nos dej\u00f3 descritos a nosotros, los espa\u00f1oles. En uno de sus art\u00edculos atinadamente llamados \u00abde [&hellip;]\" \/>\n<meta property=\"og:url\" content=\"https:\/\/www.revistarambla.com\/en\/forcadell-y-el-estado-sueco\/\" \/>\n<meta property=\"og:site_name\" content=\"Revista Rambla\" \/>\n<meta property=\"article:publisher\" content=\"https:\/\/www.facebook.com\/revistarambla\/\" \/>\n<meta property=\"article:author\" content=\"https:\/\/www.facebook.com\/revistarambla\" \/>\n<meta property=\"article:published_time\" content=\"2016-10-11T06:05:19+00:00\" \/>\n<meta property=\"article:modified_time\" content=\"2021-04-06T18:22:09+00:00\" \/>\n<meta property=\"og:image\" content=\"https:\/\/i2.wp.com\/www.revistarambla.com\/wp-content\/uploads\/2016\/10\/forcadell-1.jpg?fit=682%2C423&ssl=1\" \/>\n\t<meta property=\"og:image:width\" content=\"682\" \/>\n\t<meta property=\"og:image:height\" content=\"423\" \/>\n\t<meta property=\"og:image:type\" content=\"image\/jpeg\" \/>\n<meta name=\"author\" content=\"Jos\u00e9 Carlos Ibarra Cuchillo\" \/>\n<meta name=\"twitter:card\" content=\"summary_large_image\" \/>\n<meta name=\"twitter:creator\" content=\"@revistarambla\" \/>\n<meta name=\"twitter:site\" content=\"@revistarambla\" \/>\n<meta name=\"twitter:label1\" content=\"Written by\" \/>\n\t<meta name=\"twitter:data1\" content=\"Jos\u00e9 Carlos Ibarra Cuchillo\" \/>\n\t<meta name=\"twitter:label2\" content=\"Estimated reading time\" \/>\n\t<meta name=\"twitter:data2\" content=\"5 minutes\" \/>\n<script type=\"application\/ld+json\" class=\"yoast-schema-graph\">{\"@context\":\"https:\\\/\\\/schema.org\",\"@graph\":[{\"@type\":\"Article\",\"@id\":\"https:\\\/\\\/www.revistarambla.com\\\/forcadell-y-el-estado-sueco\\\/#article\",\"isPartOf\":{\"@id\":\"https:\\\/\\\/www.revistarambla.com\\\/forcadell-y-el-estado-sueco\\\/\"},\"author\":{\"name\":\"Jos\u00e9 Carlos Ibarra Cuchillo\",\"@id\":\"https:\\\/\\\/www.revistarambla.com\\\/#\\\/schema\\\/person\\\/a146a5a2550b94981a75131180e1bd9c\"},\"headline\":\"Forcadell y el Estado sueco\",\"datePublished\":\"2016-10-11T06:05:19+00:00\",\"dateModified\":\"2021-04-06T18:22:09+00:00\",\"mainEntityOfPage\":{\"@id\":\"https:\\\/\\\/www.revistarambla.com\\\/forcadell-y-el-estado-sueco\\\/\"},\"wordCount\":1149,\"commentCount\":0,\"publisher\":{\"@id\":\"https:\\\/\\\/www.revistarambla.com\\\/#organization\"},\"image\":{\"@id\":\"https:\\\/\\\/www.revistarambla.com\\\/forcadell-y-el-estado-sueco\\\/#primaryimage\"},\"thumbnailUrl\":\"https:\\\/\\\/www.revistarambla.com\\\/wp-content\\\/uploads\\\/2016\\\/10\\\/forcadell-1.jpg\",\"articleSection\":[\"Opiniones\"],\"inLanguage\":\"en-GB\",\"potentialAction\":[{\"@type\":\"CommentAction\",\"name\":\"Comment\",\"target\":[\"https:\\\/\\\/www.revistarambla.com\\\/forcadell-y-el-estado-sueco\\\/#respond\"]}]},{\"@type\":\"WebPage\",\"@id\":\"https:\\\/\\\/www.revistarambla.com\\\/forcadell-y-el-estado-sueco\\\/\",\"url\":\"https:\\\/\\\/www.revistarambla.com\\\/forcadell-y-el-estado-sueco\\\/\",\"name\":\"Forcadell y el Estado sueco - Revista Rambla\",\"isPartOf\":{\"@id\":\"https:\\\/\\\/www.revistarambla.com\\\/#website\"},\"primaryImageOfPage\":{\"@id\":\"https:\\\/\\\/www.revistarambla.com\\\/forcadell-y-el-estado-sueco\\\/#primaryimage\"},\"image\":{\"@id\":\"https:\\\/\\\/www.revistarambla.com\\\/forcadell-y-el-estado-sueco\\\/#primaryimage\"},\"thumbnailUrl\":\"https:\\\/\\\/www.revistarambla.com\\\/wp-content\\\/uploads\\\/2016\\\/10\\\/forcadell-1.jpg\",\"datePublished\":\"2016-10-11T06:05:19+00:00\",\"dateModified\":\"2021-04-06T18:22:09+00:00\",\"breadcrumb\":{\"@id\":\"https:\\\/\\\/www.revistarambla.com\\\/forcadell-y-el-estado-sueco\\\/#breadcrumb\"},\"inLanguage\":\"en-GB\",\"potentialAction\":[{\"@type\":\"ReadAction\",\"target\":[\"https:\\\/\\\/www.revistarambla.com\\\/forcadell-y-el-estado-sueco\\\/\"]}]},{\"@type\":\"ImageObject\",\"inLanguage\":\"en-GB\",\"@id\":\"https:\\\/\\\/www.revistarambla.com\\\/forcadell-y-el-estado-sueco\\\/#primaryimage\",\"url\":\"https:\\\/\\\/www.revistarambla.com\\\/wp-content\\\/uploads\\\/2016\\\/10\\\/forcadell-1.jpg\",\"contentUrl\":\"https:\\\/\\\/www.revistarambla.com\\\/wp-content\\\/uploads\\\/2016\\\/10\\\/forcadell-1.jpg\",\"width\":682,\"height\":423},{\"@type\":\"BreadcrumbList\",\"@id\":\"https:\\\/\\\/www.revistarambla.com\\\/forcadell-y-el-estado-sueco\\\/#breadcrumb\",\"itemListElement\":[{\"@type\":\"ListItem\",\"position\":1,\"name\":\"Portada\",\"item\":\"https:\\\/\\\/www.revistarambla.com\\\/\"},{\"@type\":\"ListItem\",\"position\":2,\"name\":\"Forcadell y el Estado sueco\"}]},{\"@type\":\"WebSite\",\"@id\":\"https:\\\/\\\/www.revistarambla.com\\\/#website\",\"url\":\"https:\\\/\\\/www.revistarambla.com\\\/\",\"name\":\"Revista Rambla Barcelona\",\"description\":\"Periodismo independiente\",\"publisher\":{\"@id\":\"https:\\\/\\\/www.revistarambla.com\\\/#organization\"},\"potentialAction\":[{\"@type\":\"SearchAction\",\"target\":{\"@type\":\"EntryPoint\",\"urlTemplate\":\"https:\\\/\\\/www.revistarambla.com\\\/?s={search_term_string}\"},\"query-input\":{\"@type\":\"PropertyValueSpecification\",\"valueRequired\":true,\"valueName\":\"search_term_string\"}}],\"inLanguage\":\"en-GB\"},{\"@type\":\"Organization\",\"@id\":\"https:\\\/\\\/www.revistarambla.com\\\/#organization\",\"name\":\"Revista Rambla\",\"url\":\"https:\\\/\\\/www.revistarambla.com\\\/\",\"logo\":{\"@type\":\"ImageObject\",\"inLanguage\":\"en-GB\",\"@id\":\"https:\\\/\\\/www.revistarambla.com\\\/#\\\/schema\\\/logo\\\/image\\\/\",\"url\":\"https:\\\/\\\/www.revistarambla.com\\\/wp-content\\\/uploads\\\/2020\\\/09\\\/banner_rambla_1900x600_BB.png\",\"contentUrl\":\"https:\\\/\\\/www.revistarambla.com\\\/wp-content\\\/uploads\\\/2020\\\/09\\\/banner_rambla_1900x600_BB.png\",\"width\":1900,\"height\":600,\"caption\":\"Revista Rambla\"},\"image\":{\"@id\":\"https:\\\/\\\/www.revistarambla.com\\\/#\\\/schema\\\/logo\\\/image\\\/\"},\"sameAs\":[\"https:\\\/\\\/www.facebook.com\\\/revistarambla\\\/\",\"https:\\\/\\\/x.com\\\/revistarambla\",\"https:\\\/\\\/www.instagram.com\\\/revista_rambla\",\"https:\\\/\\\/es.linkedin.com\\\/company\\\/revista-rambla\"]},{\"@type\":\"Person\",\"@id\":\"https:\\\/\\\/www.revistarambla.com\\\/#\\\/schema\\\/person\\\/a146a5a2550b94981a75131180e1bd9c\",\"name\":\"Jos\u00e9 Carlos Ibarra Cuchillo\",\"description\":\"Pensamiento filos\u00f3fico.\",\"sameAs\":[\"https:\\\/\\\/figshare.com\\\/authors\\\/Jos_Carlos_Ibarra_Cuchillo\\\/9872396\",\"https:\\\/\\\/www.facebook.com\\\/revistarambla\",\"https:\\\/\\\/x.com\\\/revistarambla\"]}]}<\/script>\n<!-- \/ Yoast SEO plugin. -->","yoast_head_json":{"title":"Forcadell y el Estado sueco - Revista Rambla","robots":{"index":"index","follow":"follow","max-snippet":"max-snippet:-1","max-image-preview":"max-image-preview:large","max-video-preview":"max-video-preview:-1"},"canonical":"https:\/\/www.revistarambla.com\/en\/forcadell-y-el-estado-sueco\/","og_locale":"en_GB","og_type":"article","og_title":"Forcadell y el Estado sueco - Revista Rambla","og_description":"Hab\u00eda un rom\u00e1ntico castellano que se descerraj\u00f3 un tiro en la sien. Pero no lo traemos al caso por este desliz, sino por lo que nos dej\u00f3 escrito; o mejor a\u00fan, por lo bien que nos dej\u00f3 descritos a nosotros, los espa\u00f1oles. En uno de sus art\u00edculos atinadamente llamados \u00abde [&hellip;]","og_url":"https:\/\/www.revistarambla.com\/en\/forcadell-y-el-estado-sueco\/","og_site_name":"Revista Rambla","article_publisher":"https:\/\/www.facebook.com\/revistarambla\/","article_author":"https:\/\/www.facebook.com\/revistarambla","article_published_time":"2016-10-11T06:05:19+00:00","article_modified_time":"2021-04-06T18:22:09+00:00","og_image":[{"width":682,"height":423,"url":"https:\/\/i2.wp.com\/www.revistarambla.com\/wp-content\/uploads\/2016\/10\/forcadell-1.jpg?fit=682%2C423&ssl=1","type":"image\/jpeg"}],"author":"Jos\u00e9 Carlos Ibarra Cuchillo","twitter_card":"summary_large_image","twitter_creator":"@revistarambla","twitter_site":"@revistarambla","twitter_misc":{"Written by":"Jos\u00e9 Carlos Ibarra Cuchillo","Estimated reading time":"5 minutes"},"schema":{"@context":"https:\/\/schema.org","@graph":[{"@type":"Article","@id":"https:\/\/www.revistarambla.com\/forcadell-y-el-estado-sueco\/#article","isPartOf":{"@id":"https:\/\/www.revistarambla.com\/forcadell-y-el-estado-sueco\/"},"author":{"name":"Jos\u00e9 Carlos Ibarra Cuchillo","@id":"https:\/\/www.revistarambla.com\/#\/schema\/person\/a146a5a2550b94981a75131180e1bd9c"},"headline":"Forcadell y el Estado sueco","datePublished":"2016-10-11T06:05:19+00:00","dateModified":"2021-04-06T18:22:09+00:00","mainEntityOfPage":{"@id":"https:\/\/www.revistarambla.com\/forcadell-y-el-estado-sueco\/"},"wordCount":1149,"commentCount":0,"publisher":{"@id":"https:\/\/www.revistarambla.com\/#organization"},"image":{"@id":"https:\/\/www.revistarambla.com\/forcadell-y-el-estado-sueco\/#primaryimage"},"thumbnailUrl":"https:\/\/www.revistarambla.com\/wp-content\/uploads\/2016\/10\/forcadell-1.jpg","articleSection":["Opiniones"],"inLanguage":"en-GB","potentialAction":[{"@type":"CommentAction","name":"Comment","target":["https:\/\/www.revistarambla.com\/forcadell-y-el-estado-sueco\/#respond"]}]},{"@type":"WebPage","@id":"https:\/\/www.revistarambla.com\/forcadell-y-el-estado-sueco\/","url":"https:\/\/www.revistarambla.com\/forcadell-y-el-estado-sueco\/","name":"Forcadell y el Estado sueco - Revista Rambla","isPartOf":{"@id":"https:\/\/www.revistarambla.com\/#website"},"primaryImageOfPage":{"@id":"https:\/\/www.revistarambla.com\/forcadell-y-el-estado-sueco\/#primaryimage"},"image":{"@id":"https:\/\/www.revistarambla.com\/forcadell-y-el-estado-sueco\/#primaryimage"},"thumbnailUrl":"https:\/\/www.revistarambla.com\/wp-content\/uploads\/2016\/10\/forcadell-1.jpg","datePublished":"2016-10-11T06:05:19+00:00","dateModified":"2021-04-06T18:22:09+00:00","breadcrumb":{"@id":"https:\/\/www.revistarambla.com\/forcadell-y-el-estado-sueco\/#breadcrumb"},"inLanguage":"en-GB","potentialAction":[{"@type":"ReadAction","target":["https:\/\/www.revistarambla.com\/forcadell-y-el-estado-sueco\/"]}]},{"@type":"ImageObject","inLanguage":"en-GB","@id":"https:\/\/www.revistarambla.com\/forcadell-y-el-estado-sueco\/#primaryimage","url":"https:\/\/www.revistarambla.com\/wp-content\/uploads\/2016\/10\/forcadell-1.jpg","contentUrl":"https:\/\/www.revistarambla.com\/wp-content\/uploads\/2016\/10\/forcadell-1.jpg","width":682,"height":423},{"@type":"BreadcrumbList","@id":"https:\/\/www.revistarambla.com\/forcadell-y-el-estado-sueco\/#breadcrumb","itemListElement":[{"@type":"ListItem","position":1,"name":"Portada","item":"https:\/\/www.revistarambla.com\/"},{"@type":"ListItem","position":2,"name":"Forcadell y el Estado sueco"}]},{"@type":"WebSite","@id":"https:\/\/www.revistarambla.com\/#website","url":"https:\/\/www.revistarambla.com\/","name":"Revista Rambla Barcelona","description":"Periodismo independiente","publisher":{"@id":"https:\/\/www.revistarambla.com\/#organization"},"potentialAction":[{"@type":"SearchAction","target":{"@type":"EntryPoint","urlTemplate":"https:\/\/www.revistarambla.com\/?s={search_term_string}"},"query-input":{"@type":"PropertyValueSpecification","valueRequired":true,"valueName":"search_term_string"}}],"inLanguage":"en-GB"},{"@type":"Organization","@id":"https:\/\/www.revistarambla.com\/#organization","name":"Revista Rambla","url":"https:\/\/www.revistarambla.com\/","logo":{"@type":"ImageObject","inLanguage":"en-GB","@id":"https:\/\/www.revistarambla.com\/#\/schema\/logo\/image\/","url":"https:\/\/www.revistarambla.com\/wp-content\/uploads\/2020\/09\/banner_rambla_1900x600_BB.png","contentUrl":"https:\/\/www.revistarambla.com\/wp-content\/uploads\/2020\/09\/banner_rambla_1900x600_BB.png","width":1900,"height":600,"caption":"Revista Rambla"},"image":{"@id":"https:\/\/www.revistarambla.com\/#\/schema\/logo\/image\/"},"sameAs":["https:\/\/www.facebook.com\/revistarambla\/","https:\/\/x.com\/revistarambla","https:\/\/www.instagram.com\/revista_rambla","https:\/\/es.linkedin.com\/company\/revista-rambla"]},{"@type":"Person","@id":"https:\/\/www.revistarambla.com\/#\/schema\/person\/a146a5a2550b94981a75131180e1bd9c","name":"Jos\u00e9 Carlos Ibarra Cuchillo","description":"Pensamiento filos\u00f3fico.","sameAs":["https:\/\/figshare.com\/authors\/Jos_Carlos_Ibarra_Cuchillo\/9872396","https:\/\/www.facebook.com\/revistarambla","https:\/\/x.com\/revistarambla"]}]}},"_links":{"self":[{"href":"https:\/\/www.revistarambla.com\/en\/wp-json\/wp\/v2\/posts\/10237","targetHints":{"allow":["GET"]}}],"collection":[{"href":"https:\/\/www.revistarambla.com\/en\/wp-json\/wp\/v2\/posts"}],"about":[{"href":"https:\/\/www.revistarambla.com\/en\/wp-json\/wp\/v2\/types\/post"}],"author":[{"embeddable":true,"href":"https:\/\/www.revistarambla.com\/en\/wp-json\/wp\/v2\/users\/3"}],"replies":[{"embeddable":true,"href":"https:\/\/www.revistarambla.com\/en\/wp-json\/wp\/v2\/comments?post=10237"}],"version-history":[{"count":0,"href":"https:\/\/www.revistarambla.com\/en\/wp-json\/wp\/v2\/posts\/10237\/revisions"}],"wp:featuredmedia":[{"embeddable":true,"href":"https:\/\/www.revistarambla.com\/en\/wp-json\/wp\/v2\/media\/10239"}],"wp:attachment":[{"href":"https:\/\/www.revistarambla.com\/en\/wp-json\/wp\/v2\/media?parent=10237"}],"wp:term":[{"taxonomy":"category","embeddable":true,"href":"https:\/\/www.revistarambla.com\/en\/wp-json\/wp\/v2\/categories?post=10237"},{"taxonomy":"post_tag","embeddable":true,"href":"https:\/\/www.revistarambla.com\/en\/wp-json\/wp\/v2\/tags?post=10237"}],"curies":[{"name":"wp","href":"https:\/\/api.w.org\/{rel}","templated":true}]}}