{"id":10053,"date":"2016-09-15T06:02:47","date_gmt":"2016-09-15T04:02:47","guid":{"rendered":"https:\/\/www.revistarambla.com\/?p=10053"},"modified":"2021-04-06T21:01:03","modified_gmt":"2021-04-06T19:01:03","slug":"argentina-miembros-de-la-cnu-procesados-por-crimenes-contra-la-humanidad-hostigan-a-abogados-de-la-acusacion","status":"publish","type":"post","link":"https:\/\/www.revistarambla.com\/en\/argentina-miembros-de-la-cnu-procesados-por-crimenes-contra-la-humanidad-hostigan-a-abogados-de-la-acusacion\/","title":{"rendered":"Argentina: Miembros de la CNU procesados por cr\u00edmenes contra la humanidad, hostigan a abogados de la acusaci\u00f3n"},"content":{"rendered":"<p style=\"text-align: left;\">Ex integrantes de la criminal CNU amenazan a familiares y abogados de la acusaci\u00f3n en la recta final del juicio que, por cr\u00edmenes contra la humanidad, se celebra en estos d\u00edas en Mar del Plata (Argentina).<\/p>\n<p style=\"text-align: left;\">Son once acusados, y las maniobras procesales y extraprocesales que buscan la nulidad del juicio son continuas. Seg\u00fan familiares y abogados de la acusaci\u00f3n, los hostigamientos y labores de contrainteligencia son realizados por miembros de la Inteligencia Naval. Es la primera vez que se celebra un juicio oral contra la CNU, y entre los acusados est\u00e1 el ex fiscal Gustavo Demarchi.<\/p>\n<p style=\"text-align: left;\"><strong><img decoding=\"async\" class=\"aligncenter size-full wp-image-10050\" src=\"https:\/\/www.revistarambla.com\/wp-content\/uploads\/2016\/09\/asesinados-02.jpg\" alt=\"asesinados-02\" width=\"700\" height=\"496\" \/>\u00bfQU\u00c9 FUE LA CNU?<\/strong><\/p>\n<p style=\"text-align: left;\"><strong>La Concentraci\u00f3n Nacionalista Universitaria (CNU)<\/strong> fue una organizaci\u00f3n ultraderechista y paramilitar creada por la <strong>Marina de Guerra<\/strong> argentina en 1968, durante la dictadura militar llamada <strong>Revoluci\u00f3n Argentina (1966-1973)<\/strong>. Su objetivo era reprimir en las universidades nacionales lo que llamaban la \u201csubversi\u00f3n roja\u201d, para ello utilizaron la tortura, el secuestro, los actos terroristas y los asesinatos. Vinculada a la <strong>Juventud Peronista<\/strong>, luego se relacion\u00f3 con la <strong>Triple A<\/strong>. El ide\u00f3logo de la CNU fue el peronista y profesor de lenguas cl\u00e1sicas, <strong>Carlos Disandro<\/strong>.<\/p>\n<p style=\"text-align: left;\">Su primer asesinato lo cometieron en 1971, cuando tirotearon en la universidad de Mar del Plata una asamblea estudiantil. <strong>All\u00ed cay\u00f3 muerta Silvia Filler, de 18 a\u00f1os de edad<\/strong>. Una bala del calibre 38 atraves\u00f3 la cabeza de la joven, que morir\u00eda al poco tiempo en el hospital Cl\u00ednico Central de la citada localidad. La CNU act\u00fao antes y despu\u00e9s del golpe militar de 1976, y en 1974, pas\u00f3 a ser la secci\u00f3n regional de la Triple A en La Plata, de cuyas \u00e9lites universitarias hab\u00eda surgido la CNU. Actuaron en La Plata, Mar del Plata, Bah\u00eda Blanca y otras ciudades del interior del pa\u00eds. Entre sus miembros hab\u00eda <strong>funcionarios de la Universidad<\/strong> de Mar del Plata, de la <strong>Polic\u00eda de la provincia de Buenos Aires<\/strong> y de la <strong>Polic\u00eda Federal<\/strong>. Y para cerrar el c\u00edrculo de la impunidad, tambi\u00e9n hab\u00eda miembros de la <strong>Fiscal\u00eda Federal<\/strong> de Mar del Plata.<\/p>\n<p style=\"text-align: left;\"><strong>LOS HECHOS<\/strong><\/p>\n<p style=\"text-align: left;\">La CNU act\u00fao de una forma sistem\u00e1tica, planificada y con una preconcebida pol\u00edtica de <strong>exterminio de los opositores pol\u00edticos<\/strong>, por ello la categor\u00eda de sus cr\u00edmenes son tipificados como <strong>cr\u00edmenes contra la humanidad<\/strong>, que no prescriben seg\u00fan el derecho internacional. Lo mismo que pas\u00f3 con la <strong>represi\u00f3n franquista y posfranquista<\/strong>, donde toda una maquinaria se puso al servicio de la represi\u00f3n y eliminaci\u00f3n de los opositores pol\u00edticos, con militares, polic\u00edas, tribunales, jueces, funcionarios, etc.; incluso la prensa adicta al r\u00e9gimen tambi\u00e9n particip\u00f3 de esta estrategia \u2013como veremos en este caso, tambi\u00e9n- de terror y posteriormente de impunidad, impunidad que ha llegado hasta nuestro d\u00edas. No en vano <strong>las instituciones espa\u00f1olas siguen llenas de franquistas<\/strong>, simpatizantes y de familiares de aquellos, por ejemplo, jueces militares que juzgaron a civiles y los mandaron fusilar un <strong>27 de septiembre de 1975<\/strong> y que conmemoraremos en estos d\u00edas.<\/p>\n<p style=\"text-align: left;\">Las investigaciones judiciales han sacado a la luz que el <strong>juez Pedro Federico Hooft,<\/strong> junto al ex fiscal Demarchi, dentro de la CNU, presuntamente crearon los <strong>grupos de exterminio<\/strong> a partir de 1972, aunque en esta causa s\u00f3lo juzga por cr\u00edmenes de lesa humanidad cometidos en el periodo de 1975 y 1976. La criminal organizaci\u00f3n recib\u00eda el nombre de <strong>Grupo de Tareas 6<\/strong>, que ten\u00eda su sede en la <strong>base de submarinos<\/strong> de Mar de Plata. Las \u00f3rdenes las recib\u00edan del <strong>Servicio de Inteligencia Naval<\/strong> de la Marina de guerra, cuya sede estaba en Puerto Belgrano. El juez Hooft, hoy uno de los <strong>paladines de la llamada bio\u00e9tica<\/strong> y el derecho de los enfermos a no ser tratados contra su voluntad -\u00a1qu\u00e9 iron\u00eda!- fue acusado en 2006 por la <strong>Secretar\u00eda de Derechos Humanos de Argentina,<\/strong> porque: <strong>\u201ccontribuy\u00f3 intencionalmente con el terrorismo de Estado, permitiendo que pudiesen cometerse delitos de lesa humanidad\u201d<\/strong>. El juez Hooft, cuyo padre fue el alcalde de la poblaci\u00f3n holandesa de<strong> Utrecht <\/strong>durante la <strong>ocupaci\u00f3n nazi<\/strong>, al final de la guerra emigr\u00f3 con su familia a la Argentina. Tiene defensores ac\u00e9rrimos, as\u00ed como muchos detractores, que lo tildan de nacionalsocialista. Miembro de los grupos cat\u00f3licos y ultranacionalistas de Mar del Plata, para muchos marplatenses, la sombra del magistrado estuvo detr\u00e1s de la llamada <strong>\u201cNoche de las Corbatas\u201d<\/strong>. Entre el 6 de 13 de julio de 1977, fueron <strong>secuestradas once personas<\/strong>, en su mayor\u00eda abogados. Todos se hab\u00edan distinguido por la defensa de las garant\u00edas constitucionales que la dictadura hab\u00eda pisoteado y, lo m\u00e1s peligroso, se hab\u00edan distinguido por su oposici\u00f3n a la CNU. <strong>Siete de estas personas nunca aparecieron<\/strong>. Como era habitual en este tipo de <strong>operativos de cr\u00edmenes de Estado<\/strong>, <strong>la zona fue \u201cliberada\u201d,<\/strong> lo que significaba que ning\u00fan polic\u00eda, miembro de seguridad, ambulancias, etc., pod\u00edan estar por el lugar a la hora se\u00f1alada, lo que muestra la connivencia de las autoridades locales, tanto policiales como judiciales, en la ejecuci\u00f3n de actos criminales. Finalmente, despu\u00e9s de ocho a\u00f1os de continuas recusaciones y t\u00e1cticas dilatorias, <strong>en 2014 el juez Hooft fue absuelto<\/strong> y se reincorpor\u00f3 a su antiguo puesto.<\/p>\n<p style=\"text-align: left;\"><strong>LOS PROCESADOS<\/strong><\/p>\n<p style=\"text-align: left;\">El juicio a la CNU se inici\u00f3 el 8 de junio de 2015 en el Tribunal Oral en lo Criminal Federal n\u00famero 1 de Mar de Plata. Son <strong>ocho los casos<\/strong> objeto del proceso, que van desde el homicidio agravado por el concurso premeditado de dos o m\u00e1s personas, la detenci\u00f3n ilegal y la pertenencia a banda armada, todo ello dentro de una pol\u00edtica represiva que auspiciaba el crimen de Estado. Todos los acusados pertenec\u00edan a la CNU y, salvo un militar retirado, son civiles, algunos abogados, de una posici\u00f3n social y econ\u00f3mica privilegiada. En el proceso han participado m\u00e1s de doscientos testigos y en estos d\u00edas de septiembre de 2016 se han reanudado las sesiones. Inicialmente, los imputados fueron diez:<\/p>\n<p style=\"text-align: left;\">-Jos\u00e9 Luis Granel, abogado.<\/p>\n<p style=\"text-align: left;\">-Roberto Alejandro Justel, comerciante.<\/p>\n<p style=\"text-align: left;\">-Luis Roberto Coronel, abogado.<\/p>\n<p style=\"text-align: left;\">-Juan Carlos Asaro, taxista.<\/p>\n<p style=\"text-align: left;\">-Mario Ernesto Durquet, profesor de filosof\u00eda.<\/p>\n<p style=\"text-align: left;\">-Ra\u00fal Rogelio Mole\u00f3n, fot\u00f3grafo.<\/p>\n<p style=\"text-align: left;\">-Juan Pedro Asaro, librero.<\/p>\n<p style=\"text-align: left;\">-Marcelo Arenaza, br\u00f3ker en comercio exterior.<\/p>\n<p style=\"text-align: left;\">-Fernando Alberto Otero, militar retirado.<\/p>\n<p style=\"text-align: left;\">-Gustavo Modesto Demarchi, abogado y ex fiscal.<\/p>\n<p style=\"text-align: left;\">Seg\u00fan el diario <em>P\u00e1gina 12<\/em>, en una cr\u00f3nica sobre el caso \u2013de 18 de enero de 2013-: <strong>\u201cEl ex librero Piero Assaro y Mario Durquet, quien confes\u00f3 en privado el asesinato en mayo de 1975 de Mar\u00eda del Carmen Maggi, secretaria general y decana de la Facultad de Humanidades de la Universidad Cat\u00f3lica marplatense\u201d<\/strong>. A esta lista se a\u00f1adi\u00f3 un imputado que estaba pr\u00f3fugo, Ra\u00fal Arturo Viglizzo, y que se entreg\u00f3 a la justicia. Durante el proceso fallecieron Luis Roberto Coronel y Marcelo Arenaza. Luego hay otros imputados que no est\u00e1n en la lista por ser pr\u00f3fugos de la justicia, se trata de Fernando Federico Delgado y Eduardo Salvador Ull\u00faa, a los que se les considera responsables de numerosos asesinatos y por los que se ofrecen <strong>recompensas millonarias<\/strong>. Tambi\u00e9n hubo \u00d3rdenes Internacionales de Detenci\u00f3n de la Interpol contra Daniel Alejandro Ull\u00faa y Beatriz Mar\u00eda Arenaza Corres. \u00c9sta \u00faltima es la \u00fanica mujer encausada y, junto a Daniel A. Ull\u00faa, fueron detenidos en Espa\u00f1a en enero de 2013, pero no extraditados. <strong>Beatriz M. Arenaza ya fue condenada por el asesinato de Silvia Filler<\/strong> en los a\u00f1os setenta. En Espa\u00f1a se sent\u00eda tan impune, que incluso manten\u00eda abierta cuentas en redes sociales \u2013una a\u00fan activa mientras se escrib\u00eda este reportaje- y trabaj\u00f3 para Continental Parking y Comsa S.A., despu\u00e9s en una empresa que vende productos antienvejecimiento.\u00a0 En este caso se les acusaba de asociaci\u00f3n il\u00edcita, no por ning\u00fan homicidio concreto \u2013aunque son 18 asesinatos los que cometieron los miembros de la CNU-, pero cuando se les cit\u00f3 para la declaraci\u00f3n indagatoria ante el juez <strong>Santiago Inchausti<\/strong>, huyeron. No s\u00f3lo no fueron extraditados por Espa\u00f1a, sino que despu\u00e9s de unas semanas en prisi\u00f3n <strong>fueron puestos en libertad<\/strong>. El <strong>Ministerio Fiscal pidi\u00f3 su libertad<\/strong> aduciendo que los hechos por lo que se les buscaba en Argentina hab\u00edan sucedido hace mucho tiempo y que los reclamados estaban arraigados en nuestro pa\u00eds. Beatriz Arenaza viv\u00eda en Oleiros (Galicia), y Daniel Ull\u00faa en Palma de Mallorca. <strong>El juez de la Audiencia Nacional Pablo Ruz sigui\u00f3 el dictado del Ministerio Fiscal y puso a los detenidos en libertad<\/strong>. Quiz\u00e1 ahora se entienda porque los denunciados por torturas y muertes durante el franquismo y reclamados por la jueza argentina <strong>Mar\u00eda de Servini<\/strong>, no son extraditados. Parece que se hayan puesto de acuerdo, de uno y otro lado, para perpetuar la impunidad y no calificar estos hechos como cr\u00edmenes de lesa humanidad, cr\u00edmenes que por ser generalizados y sistem\u00e1ticos contra la poblaci\u00f3n o una parte de ella, no prescriben.<\/p>\n<p style=\"text-align: left;\">Sin duda, el encausado m\u00e1s medi\u00e1tico por su relevancia es el ex fiscal Gustavo M. Demarchi, que protagoniz\u00f3 una <strong>sonada fuga<\/strong> en noviembre de 2010. Finalmente fue detenido en Bogot\u00e1 (Colombia), y posteriormente extraditado a la Argentina el 21 de septiembre de 2012, donde ingres\u00f3 en prisi\u00f3n preventiva. El gobierno colombiano estuvo a punto de darle el asilo pol\u00edtico que hab\u00eda solicitado, pero la Corte Suprema colombiana al final resolvi\u00f3 la extradici\u00f3n.<\/p>\n<p style=\"text-align: left;\"><strong>\u00a0<\/strong><strong>CUANDO LA PRENSA ES C\u00d3MPLICE<\/strong><\/p>\n<p style=\"text-align: left;\">Desgraciadamente, y casos recientes hemos tenido en nuestro pa\u00eds con las denuncias a los Mossos d\u2019Escuadra de Catalunya, una de <strong>las primeras t\u00e1cticas de la impunidad consiste en desprestigiar a la v\u00edctima<\/strong>. Si era drogadicto, si ten\u00eda contacto con grupos violentos, si vest\u00eda con cierta est\u00e9tica que la hac\u00eda sospechoso y toda suerte de juicios de valor que puedan poner a la opini\u00f3n p\u00fablica a favor de la llamada <strong>\u201cVerdad Oficial\u201d. <\/strong>En esto, muchos medios de comunicaci\u00f3n acr\u00edticos y abonados a las oficinas de informaci\u00f3n oficiales, ponen su inestimable colaboraci\u00f3n al servicio de no pocos montajes policiales o judiciales. En el caso que nos ocupa, hay medios que est\u00e1n colaborando en la estrategia de los procesados. El fiscal Demarchi, en su estrategia de obstrucci\u00f3n del proceso -seg\u00fan nos informan desde Nizkor-, presenta a los acusados como v\u00edctimas, y a los acusadores como investigados. Para ello no son pocos los medios de comunicaci\u00f3n que le siguen el juego de Demarchi. Incluso <strong>se ha acu\u00f1ado un eslogan<\/strong> que se utiliza en estos medios para referirse a los querellantes contra la CNU: <strong>\u201cMafia judicial de Mar del Plata\u201d<\/strong>, ya que los ataques no s\u00f3lo van contra los abogados de la acusaci\u00f3n, los acusadores y sus familiares, sino contra miembros de la magistratura que participan en el juicio. El control pol\u00edtico y social que ejerce el Almirantazgo sobre los medios de comunicaci\u00f3n en el territorio donde se cometieron los cr\u00edmenes de la CNU, y que est\u00e1n bajo la jurisdicci\u00f3n de sus bases navales, es muy grande. Por ello no es raro que las campa\u00f1as difamatorias contra abogados de la acusaci\u00f3n y v\u00edctimas, y de apoyo a los presuntos victimarios, se lancen desde emisoras de AM como Radio Atl\u00e1ntida, Radio Mar del Plata y Radio 14.60, as\u00ed como varias emisoras musicales de la FM, seg\u00fan denuncian los informes de Nizkor. A ello hay que a\u00f1adir los diarios <em>La Prensa <\/em>y <em>La Capital<\/em>, y los m\u00e1s conocidos del \u00e1mbito estatal, el <em>Clar\u00edn <\/em>y <em>La Naci\u00f3n<\/em>. En la campa\u00f1a de descredito contra los querellantes y sus abogados se ha significado un medio: <strong><em>Noticias y Protagonistas<\/em>.<\/strong> En un art\u00edculo en este medio de fecha 17 de agosto de 2016, el abogado defensor de Gustavo Demarchi, el se\u00f1or <strong>Horacio Insanti<\/strong>, y ante la renuncia de uno de los jueces por temas de salud, el magistrado <strong>Elbio Osores Soler,<\/strong> declar\u00f3 a este medio af\u00edn a su defendido<strong>: \u201cA partir de este nuevo escenario, Insanti advirti\u00f3 sobre la posibilidad de que el juicio sea declarado nulo:\u00a0\u201cHay temor a la no continuidad del juicio. Por el momento, lo reemplaza el Dr. Ruiz Paz, pero si a alguno de los otros dos jueces le sucediera cualquier cosa que requiera una licencia de m\u00e1s de 30 d\u00edas, el juicio autom\u00e1ticamente es nulo y no se podr\u00eda volver a celebrar. Esto determinar\u00eda inmediatamente la libertad\u201d<\/strong>. En un proceso donde se ha llegado a ofrecer reducciones de condenas a narcotraficantes y otros delincuentes comunes a cambio de que incriminaran a testigos o al propio abogado Sivo, esa frase que dice el doctor Horacio Insanti pone los pelos de punta: <strong>\u201cpero si a alguno de los otros dos jueces le sucediera cualquier cosa\u2026\u201d<\/strong>. <em>Noticias y Protagonistas<\/em>, con clara irresponsabilidad por no decir otra cosa<strong>, ha llegado a publicar fotos del domicilio del defensor de los derechos humanos C\u00e9sar Sivo<\/strong>. En otra nota anterior, de 8 de marzo de 2015, y que traigo a colaci\u00f3n para que vean el estilo del medio: <strong>\u201cGustavo Demarchi fue tra\u00eddo de Marcos Paz hasta Mar del Plata s\u00f3lo para dar otra escenificaci\u00f3n de escarnio innecesario a los que vocinglean por algunos derechos humanos. Ausencias notorias, entre ellas la del narcoabogado C\u00e9sar Sivo. Bajo perfil de organizaciones otrora ruidosas, hoy enfrentadas en el universo del poder por casos como el de C\u00e9sar Milani. Todo pasa, todo cambia. Los probos de ayer son los r\u00e9probos del ma\u00f1ana\u201d<\/strong>. \u00bfVocinglean por algunos derechos humanos? \u00bfEscarnio innecesario? \u00bfNarcoabogado?<\/p>\n<p style=\"text-align: left;\"><strong>Florencio Aldrey Iglesias<\/strong>, oriundo de <strong>A\u00a0Coru\u00f1a (Espa\u00f1a),<\/strong> es un empresario de complejos hoteleros, factor\u00edas, etc. Es el propietario del diario <em>La Prensa <\/em>y del <strong>grupo multimedia La Capital<\/strong>, integrado por el matutino del mismo nombre de Mar del Plata y LU9 Radio Mar del Plata, LU6 Emisora Atl\u00e1ntica; y La Capital Cable. Adem\u00e1s de ser socio del grupo Clar\u00edn. En fin, todos los medios que defienden, o por lo menos quieren echar tierra sobre el asunto, a los procesados en el caso CNU.<\/p>\n<figure id=\"attachment_10051\" aria-describedby=\"caption-attachment-10051\" style=\"width: 700px\" class=\"wp-caption aligncenter\"><img decoding=\"async\" class=\"wp-image-10051 size-full\" src=\"https:\/\/www.revistarambla.com\/wp-content\/uploads\/2016\/09\/asesinados-03.jpg\" alt=\"asesinados-03\" width=\"700\" height=\"451\" \/><figcaption id=\"caption-attachment-10051\" class=\"wp-caption-text\">Silvia Filler la estudiante asesinada<\/figcaption><\/figure>\n<p style=\"text-align: left;\"><strong>LAS AMENAZAS<\/strong><\/p>\n<p style=\"text-align: left;\">El <strong>\u201cFront Line Defenders\u201d,<\/strong> organizaci\u00f3n irlandesa cuyo objetivo es proteger a los defensores de los derechos humanos en riesgo, dijo en su momento: <strong>\u201c\u2026 en momentos claves de juicios por cr\u00edmenes de lesa humanidad en los cuales el abogado C\u00e9sar Sivo <\/strong>\u2013abogado de los querellantes-<strong> ha tenido un papel crucial, la campa\u00f1a de desprestigio, amenazas y ataques contra \u00e9l se intensificaron. Familiares del defensor de derechos humanos tambi\u00e9n han sido acosados en redes sociales y en dos ocasiones entraron forzosamente en la oficina de su esposa, quien tambi\u00e9n es abogada, para destruir propiedad privada y retirar informaci\u00f3n confidencial, sin que nada de valor monetario fuera sustra\u00eddo\u201d<\/strong>. La intimidaci\u00f3n contra el abogado C\u00e9sar Sivo viene de lejos. Y para que no quedara duda de la intervenci\u00f3n de la contrainteligencia naval, en 2006 \u2013en el proceso contra el juez Hooft- una pared enfrente de su casa amaneci\u00f3 con los colores del reglamento naval y un ancla dibujada. Y en 2008, cuando fueron detenidos ocho represores de la Escuela de Suboficiales de infanter\u00eda de Marina, la abogada <strong>Natalia Andrea Messineo<\/strong> tuvo que solicitar la intervenci\u00f3n urgente del Ministerio Fiscal para garantizar la seguridad del jurista. <strong>\u201cFront Line Defenders\u201d denunci\u00f3 el 3 de agosto de 2016<\/strong>, que el ex fiscal Gustavo Demarchi declar\u00f3 durante la audiencia que quienes presentaran cargos contra \u00e9l <strong>\u201ciban a tener problemas\u201d<\/strong>. Y contin\u00faa la organizaci\u00f3n irlandesa: <strong>\u201cPreviamente, en julio de 2016, un individuo que se identific\u00f3 como el abogado de Demarchi contact\u00f3 a un amigo de C\u00e9sar Sivo y pidi\u00f3 que le dijera al defensor que \u201cse empezara a preocupar\u201d<\/strong>. La ONG insta a las autoridades argentinas, entre otras cosas a que: \u201c<strong>Inicien una investigaci\u00f3n inmediata, exhaustiva e imparcial sobre los actos de intimidaci\u00f3n contra\u00a0Laura Figueroa, C\u00e9sar Sivo y sus familiares, con el fin de identificar a los responsables, llevarlos ante un tribunal competente e imparcial, y aplicarles las sanciones previstas por la ley\u201d<\/strong>.<\/p>\n<p style=\"text-align: left;\"><strong>FUENTE: <\/strong>Con informaciones de Radio Nizkor, Mar del Plata (Argentina), Radio Nizkor, Madrid (Espa\u00f1a) y \u201cFront line Defenders\u201d, Dubl\u00edn (Irlanda) y la consulta de los medios citados.<\/p>\n<p style=\"text-align: left;\"><strong>Nizkor <\/strong>es una Organizaci\u00f3n Internacional Pro Derechos Civiles y por la aplicaci\u00f3n del Derecho Internacional.<\/p>","protected":false},"excerpt":{"rendered":"<p>Ex integrantes de la criminal CNU amenazan a familiares y abogados de la acusaci\u00f3n en la recta final del juicio que, por cr\u00edmenes contra la humanidad, se celebra en estos d\u00edas en Mar del Plata (Argentina). Son once acusados, y las maniobras procesales y extraprocesales que buscan la nulidad del [&hellip;]<\/p>\n","protected":false},"author":3,"featured_media":0,"comment_status":"open","ping_status":"open","sticky":false,"template":"","format":"standard","meta":{"footnotes":""},"categories":[3,57],"tags":[],"class_list":["post-10053","post","type-post","status-publish","format-standard","hentry","category-actualidad","category-global"],"yoast_head":"<!-- This site is optimized with the Yoast SEO plugin v27.5 - https:\/\/yoast.com\/product\/yoast-seo-wordpress\/ -->\n<title>Argentina: Miembros de la CNU procesados por cr\u00edmenes contra la humanidad, hostigan a abogados de la acusaci\u00f3n - Revista Rambla<\/title>\n<meta name=\"robots\" content=\"index, follow, max-snippet:-1, max-image-preview:large, max-video-preview:-1\" \/>\n<link rel=\"canonical\" href=\"https:\/\/www.revistarambla.com\/en\/argentina-miembros-de-la-cnu-procesados-por-crimenes-contra-la-humanidad-hostigan-a-abogados-de-la-acusacion\/\" \/>\n<meta property=\"og:locale\" content=\"en_GB\" \/>\n<meta property=\"og:type\" content=\"article\" \/>\n<meta property=\"og:title\" content=\"Argentina: Miembros de la CNU procesados por cr\u00edmenes contra la humanidad, hostigan a abogados de la acusaci\u00f3n - Revista Rambla\" \/>\n<meta property=\"og:description\" content=\"Ex integrantes de la criminal CNU amenazan a familiares y abogados de la acusaci\u00f3n en la recta final del juicio que, por cr\u00edmenes contra la humanidad, se celebra en estos d\u00edas en Mar del Plata (Argentina). Son once acusados, y las maniobras procesales y extraprocesales que buscan la nulidad del [&hellip;]\" \/>\n<meta property=\"og:url\" content=\"https:\/\/www.revistarambla.com\/en\/argentina-miembros-de-la-cnu-procesados-por-crimenes-contra-la-humanidad-hostigan-a-abogados-de-la-acusacion\/\" \/>\n<meta property=\"og:site_name\" content=\"Revista Rambla\" \/>\n<meta property=\"article:publisher\" content=\"https:\/\/www.facebook.com\/revistarambla\/\" \/>\n<meta property=\"article:author\" content=\"https:\/\/www.facebook.com\/revistarambla\" \/>\n<meta property=\"article:published_time\" content=\"2016-09-15T04:02:47+00:00\" \/>\n<meta property=\"article:modified_time\" content=\"2021-04-06T19:01:03+00:00\" \/>\n<meta property=\"og:image\" content=\"https:\/\/i0.wp.com\/www.revistarambla.com\/wp-content\/uploads\/2016\/09\/asesinados-01.jpg?fit=700%2C463&ssl=1\" \/>\n\t<meta property=\"og:image:width\" content=\"700\" \/>\n\t<meta property=\"og:image:height\" content=\"463\" \/>\n\t<meta property=\"og:image:type\" content=\"image\/jpeg\" \/>\n<meta name=\"author\" content=\"R@mbla\" \/>\n<meta name=\"twitter:card\" content=\"summary_large_image\" \/>\n<meta name=\"twitter:creator\" content=\"@revistarambla\" \/>\n<meta name=\"twitter:site\" content=\"@revistarambla\" \/>\n<meta name=\"twitter:label1\" content=\"Written by\" \/>\n\t<meta name=\"twitter:data1\" content=\"R@mbla\" \/>\n\t<meta name=\"twitter:label2\" content=\"Estimated reading time\" \/>\n\t<meta name=\"twitter:data2\" content=\"12 minutes\" \/>\n<script type=\"application\/ld+json\" class=\"yoast-schema-graph\">{\"@context\":\"https:\\\/\\\/schema.org\",\"@graph\":[{\"@type\":\"Article\",\"@id\":\"https:\\\/\\\/www.revistarambla.com\\\/argentina-miembros-de-la-cnu-procesados-por-crimenes-contra-la-humanidad-hostigan-a-abogados-de-la-acusacion\\\/#article\",\"isPartOf\":{\"@id\":\"https:\\\/\\\/www.revistarambla.com\\\/argentina-miembros-de-la-cnu-procesados-por-crimenes-contra-la-humanidad-hostigan-a-abogados-de-la-acusacion\\\/\"},\"author\":{\"name\":\"R@mbla\",\"@id\":\"https:\\\/\\\/www.revistarambla.com\\\/#\\\/schema\\\/person\\\/a146a5a2550b94981a75131180e1bd9c\"},\"headline\":\"Argentina: Miembros de la CNU procesados por cr\u00edmenes contra la humanidad, hostigan a abogados de la acusaci\u00f3n\",\"datePublished\":\"2016-09-15T04:02:47+00:00\",\"dateModified\":\"2021-04-06T19:01:03+00:00\",\"mainEntityOfPage\":{\"@id\":\"https:\\\/\\\/www.revistarambla.com\\\/argentina-miembros-de-la-cnu-procesados-por-crimenes-contra-la-humanidad-hostigan-a-abogados-de-la-acusacion\\\/\"},\"wordCount\":2808,\"commentCount\":0,\"publisher\":{\"@id\":\"https:\\\/\\\/www.revistarambla.com\\\/#organization\"},\"image\":{\"@id\":\"https:\\\/\\\/www.revistarambla.com\\\/argentina-miembros-de-la-cnu-procesados-por-crimenes-contra-la-humanidad-hostigan-a-abogados-de-la-acusacion\\\/#primaryimage\"},\"thumbnailUrl\":\"https:\\\/\\\/www.revistarambla.com\\\/wp-content\\\/uploads\\\/2016\\\/09\\\/asesinados-02.jpg\",\"articleSection\":[\"Actualidad\",\"Global\"],\"inLanguage\":\"en-GB\",\"potentialAction\":[{\"@type\":\"CommentAction\",\"name\":\"Comment\",\"target\":[\"https:\\\/\\\/www.revistarambla.com\\\/argentina-miembros-de-la-cnu-procesados-por-crimenes-contra-la-humanidad-hostigan-a-abogados-de-la-acusacion\\\/#respond\"]}]},{\"@type\":\"WebPage\",\"@id\":\"https:\\\/\\\/www.revistarambla.com\\\/argentina-miembros-de-la-cnu-procesados-por-crimenes-contra-la-humanidad-hostigan-a-abogados-de-la-acusacion\\\/\",\"url\":\"https:\\\/\\\/www.revistarambla.com\\\/argentina-miembros-de-la-cnu-procesados-por-crimenes-contra-la-humanidad-hostigan-a-abogados-de-la-acusacion\\\/\",\"name\":\"Argentina: Miembros de la CNU procesados por cr\u00edmenes contra la humanidad, hostigan a abogados de la acusaci\u00f3n - Revista Rambla\",\"isPartOf\":{\"@id\":\"https:\\\/\\\/www.revistarambla.com\\\/#website\"},\"primaryImageOfPage\":{\"@id\":\"https:\\\/\\\/www.revistarambla.com\\\/argentina-miembros-de-la-cnu-procesados-por-crimenes-contra-la-humanidad-hostigan-a-abogados-de-la-acusacion\\\/#primaryimage\"},\"image\":{\"@id\":\"https:\\\/\\\/www.revistarambla.com\\\/argentina-miembros-de-la-cnu-procesados-por-crimenes-contra-la-humanidad-hostigan-a-abogados-de-la-acusacion\\\/#primaryimage\"},\"thumbnailUrl\":\"https:\\\/\\\/www.revistarambla.com\\\/wp-content\\\/uploads\\\/2016\\\/09\\\/asesinados-02.jpg\",\"datePublished\":\"2016-09-15T04:02:47+00:00\",\"dateModified\":\"2021-04-06T19:01:03+00:00\",\"breadcrumb\":{\"@id\":\"https:\\\/\\\/www.revistarambla.com\\\/argentina-miembros-de-la-cnu-procesados-por-crimenes-contra-la-humanidad-hostigan-a-abogados-de-la-acusacion\\\/#breadcrumb\"},\"inLanguage\":\"en-GB\",\"potentialAction\":[{\"@type\":\"ReadAction\",\"target\":[\"https:\\\/\\\/www.revistarambla.com\\\/argentina-miembros-de-la-cnu-procesados-por-crimenes-contra-la-humanidad-hostigan-a-abogados-de-la-acusacion\\\/\"]}]},{\"@type\":\"ImageObject\",\"inLanguage\":\"en-GB\",\"@id\":\"https:\\\/\\\/www.revistarambla.com\\\/argentina-miembros-de-la-cnu-procesados-por-crimenes-contra-la-humanidad-hostigan-a-abogados-de-la-acusacion\\\/#primaryimage\",\"url\":\"https:\\\/\\\/www.revistarambla.com\\\/wp-content\\\/uploads\\\/2016\\\/09\\\/asesinados-02.jpg\",\"contentUrl\":\"https:\\\/\\\/www.revistarambla.com\\\/wp-content\\\/uploads\\\/2016\\\/09\\\/asesinados-02.jpg\"},{\"@type\":\"BreadcrumbList\",\"@id\":\"https:\\\/\\\/www.revistarambla.com\\\/argentina-miembros-de-la-cnu-procesados-por-crimenes-contra-la-humanidad-hostigan-a-abogados-de-la-acusacion\\\/#breadcrumb\",\"itemListElement\":[{\"@type\":\"ListItem\",\"position\":1,\"name\":\"Portada\",\"item\":\"https:\\\/\\\/www.revistarambla.com\\\/\"},{\"@type\":\"ListItem\",\"position\":2,\"name\":\"Argentina: Miembros de la CNU procesados por cr\u00edmenes contra la humanidad, hostigan a abogados de la acusaci\u00f3n\"}]},{\"@type\":\"WebSite\",\"@id\":\"https:\\\/\\\/www.revistarambla.com\\\/#website\",\"url\":\"https:\\\/\\\/www.revistarambla.com\\\/\",\"name\":\"Revista Rambla Barcelona\",\"description\":\"Periodismo independiente\",\"publisher\":{\"@id\":\"https:\\\/\\\/www.revistarambla.com\\\/#organization\"},\"potentialAction\":[{\"@type\":\"SearchAction\",\"target\":{\"@type\":\"EntryPoint\",\"urlTemplate\":\"https:\\\/\\\/www.revistarambla.com\\\/?s={search_term_string}\"},\"query-input\":{\"@type\":\"PropertyValueSpecification\",\"valueRequired\":true,\"valueName\":\"search_term_string\"}}],\"inLanguage\":\"en-GB\"},{\"@type\":\"Organization\",\"@id\":\"https:\\\/\\\/www.revistarambla.com\\\/#organization\",\"name\":\"Revista Rambla\",\"url\":\"https:\\\/\\\/www.revistarambla.com\\\/\",\"logo\":{\"@type\":\"ImageObject\",\"inLanguage\":\"en-GB\",\"@id\":\"https:\\\/\\\/www.revistarambla.com\\\/#\\\/schema\\\/logo\\\/image\\\/\",\"url\":\"https:\\\/\\\/www.revistarambla.com\\\/wp-content\\\/uploads\\\/2020\\\/09\\\/banner_rambla_1900x600_BB.png\",\"contentUrl\":\"https:\\\/\\\/www.revistarambla.com\\\/wp-content\\\/uploads\\\/2020\\\/09\\\/banner_rambla_1900x600_BB.png\",\"width\":1900,\"height\":600,\"caption\":\"Revista Rambla\"},\"image\":{\"@id\":\"https:\\\/\\\/www.revistarambla.com\\\/#\\\/schema\\\/logo\\\/image\\\/\"},\"sameAs\":[\"https:\\\/\\\/www.facebook.com\\\/revistarambla\\\/\",\"https:\\\/\\\/x.com\\\/revistarambla\",\"https:\\\/\\\/www.instagram.com\\\/revista_rambla\",\"https:\\\/\\\/es.linkedin.com\\\/company\\\/revista-rambla\"]},{\"@type\":\"Person\",\"@id\":\"https:\\\/\\\/www.revistarambla.com\\\/#\\\/schema\\\/person\\\/a146a5a2550b94981a75131180e1bd9c\",\"name\":\"R@mbla\",\"description\":\"Este art\u00edculo ha sido redactado y\\\/o validado por el equipo de redacci\u00f3n de Revista Rambla.\",\"sameAs\":[\"https:\\\/\\\/www.revistarambla.com\\\/\",\"https:\\\/\\\/www.facebook.com\\\/revistarambla\",\"https:\\\/\\\/x.com\\\/revistarambla\"]}]}<\/script>\n<!-- \/ Yoast SEO plugin. -->","yoast_head_json":{"title":"Argentina: Miembros de la CNU procesados por cr\u00edmenes contra la humanidad, hostigan a abogados de la acusaci\u00f3n - Revista Rambla","robots":{"index":"index","follow":"follow","max-snippet":"max-snippet:-1","max-image-preview":"max-image-preview:large","max-video-preview":"max-video-preview:-1"},"canonical":"https:\/\/www.revistarambla.com\/en\/argentina-miembros-de-la-cnu-procesados-por-crimenes-contra-la-humanidad-hostigan-a-abogados-de-la-acusacion\/","og_locale":"en_GB","og_type":"article","og_title":"Argentina: Miembros de la CNU procesados por cr\u00edmenes contra la humanidad, hostigan a abogados de la acusaci\u00f3n - Revista Rambla","og_description":"Ex integrantes de la criminal CNU amenazan a familiares y abogados de la acusaci\u00f3n en la recta final del juicio que, por cr\u00edmenes contra la humanidad, se celebra en estos d\u00edas en Mar del Plata (Argentina). Son once acusados, y las maniobras procesales y extraprocesales que buscan la nulidad del [&hellip;]","og_url":"https:\/\/www.revistarambla.com\/en\/argentina-miembros-de-la-cnu-procesados-por-crimenes-contra-la-humanidad-hostigan-a-abogados-de-la-acusacion\/","og_site_name":"Revista Rambla","article_publisher":"https:\/\/www.facebook.com\/revistarambla\/","article_author":"https:\/\/www.facebook.com\/revistarambla","article_published_time":"2016-09-15T04:02:47+00:00","article_modified_time":"2021-04-06T19:01:03+00:00","og_image":[{"width":700,"height":463,"url":"https:\/\/i0.wp.com\/www.revistarambla.com\/wp-content\/uploads\/2016\/09\/asesinados-01.jpg?fit=700%2C463&ssl=1","type":"image\/jpeg"}],"author":"R@mbla","twitter_card":"summary_large_image","twitter_creator":"@revistarambla","twitter_site":"@revistarambla","twitter_misc":{"Written by":"R@mbla","Estimated reading time":"12 minutes"},"schema":{"@context":"https:\/\/schema.org","@graph":[{"@type":"Article","@id":"https:\/\/www.revistarambla.com\/argentina-miembros-de-la-cnu-procesados-por-crimenes-contra-la-humanidad-hostigan-a-abogados-de-la-acusacion\/#article","isPartOf":{"@id":"https:\/\/www.revistarambla.com\/argentina-miembros-de-la-cnu-procesados-por-crimenes-contra-la-humanidad-hostigan-a-abogados-de-la-acusacion\/"},"author":{"name":"R@mbla","@id":"https:\/\/www.revistarambla.com\/#\/schema\/person\/a146a5a2550b94981a75131180e1bd9c"},"headline":"Argentina: Miembros de la CNU procesados por cr\u00edmenes contra la humanidad, hostigan a abogados de la acusaci\u00f3n","datePublished":"2016-09-15T04:02:47+00:00","dateModified":"2021-04-06T19:01:03+00:00","mainEntityOfPage":{"@id":"https:\/\/www.revistarambla.com\/argentina-miembros-de-la-cnu-procesados-por-crimenes-contra-la-humanidad-hostigan-a-abogados-de-la-acusacion\/"},"wordCount":2808,"commentCount":0,"publisher":{"@id":"https:\/\/www.revistarambla.com\/#organization"},"image":{"@id":"https:\/\/www.revistarambla.com\/argentina-miembros-de-la-cnu-procesados-por-crimenes-contra-la-humanidad-hostigan-a-abogados-de-la-acusacion\/#primaryimage"},"thumbnailUrl":"https:\/\/www.revistarambla.com\/wp-content\/uploads\/2016\/09\/asesinados-02.jpg","articleSection":["Actualidad","Global"],"inLanguage":"en-GB","potentialAction":[{"@type":"CommentAction","name":"Comment","target":["https:\/\/www.revistarambla.com\/argentina-miembros-de-la-cnu-procesados-por-crimenes-contra-la-humanidad-hostigan-a-abogados-de-la-acusacion\/#respond"]}]},{"@type":"WebPage","@id":"https:\/\/www.revistarambla.com\/argentina-miembros-de-la-cnu-procesados-por-crimenes-contra-la-humanidad-hostigan-a-abogados-de-la-acusacion\/","url":"https:\/\/www.revistarambla.com\/argentina-miembros-de-la-cnu-procesados-por-crimenes-contra-la-humanidad-hostigan-a-abogados-de-la-acusacion\/","name":"Argentina: Miembros de la CNU procesados por cr\u00edmenes contra la humanidad, hostigan a abogados de la acusaci\u00f3n - Revista Rambla","isPartOf":{"@id":"https:\/\/www.revistarambla.com\/#website"},"primaryImageOfPage":{"@id":"https:\/\/www.revistarambla.com\/argentina-miembros-de-la-cnu-procesados-por-crimenes-contra-la-humanidad-hostigan-a-abogados-de-la-acusacion\/#primaryimage"},"image":{"@id":"https:\/\/www.revistarambla.com\/argentina-miembros-de-la-cnu-procesados-por-crimenes-contra-la-humanidad-hostigan-a-abogados-de-la-acusacion\/#primaryimage"},"thumbnailUrl":"https:\/\/www.revistarambla.com\/wp-content\/uploads\/2016\/09\/asesinados-02.jpg","datePublished":"2016-09-15T04:02:47+00:00","dateModified":"2021-04-06T19:01:03+00:00","breadcrumb":{"@id":"https:\/\/www.revistarambla.com\/argentina-miembros-de-la-cnu-procesados-por-crimenes-contra-la-humanidad-hostigan-a-abogados-de-la-acusacion\/#breadcrumb"},"inLanguage":"en-GB","potentialAction":[{"@type":"ReadAction","target":["https:\/\/www.revistarambla.com\/argentina-miembros-de-la-cnu-procesados-por-crimenes-contra-la-humanidad-hostigan-a-abogados-de-la-acusacion\/"]}]},{"@type":"ImageObject","inLanguage":"en-GB","@id":"https:\/\/www.revistarambla.com\/argentina-miembros-de-la-cnu-procesados-por-crimenes-contra-la-humanidad-hostigan-a-abogados-de-la-acusacion\/#primaryimage","url":"https:\/\/www.revistarambla.com\/wp-content\/uploads\/2016\/09\/asesinados-02.jpg","contentUrl":"https:\/\/www.revistarambla.com\/wp-content\/uploads\/2016\/09\/asesinados-02.jpg"},{"@type":"BreadcrumbList","@id":"https:\/\/www.revistarambla.com\/argentina-miembros-de-la-cnu-procesados-por-crimenes-contra-la-humanidad-hostigan-a-abogados-de-la-acusacion\/#breadcrumb","itemListElement":[{"@type":"ListItem","position":1,"name":"Portada","item":"https:\/\/www.revistarambla.com\/"},{"@type":"ListItem","position":2,"name":"Argentina: Miembros de la CNU procesados por cr\u00edmenes contra la humanidad, hostigan a abogados de la acusaci\u00f3n"}]},{"@type":"WebSite","@id":"https:\/\/www.revistarambla.com\/#website","url":"https:\/\/www.revistarambla.com\/","name":"Revista Rambla Barcelona","description":"Periodismo independiente","publisher":{"@id":"https:\/\/www.revistarambla.com\/#organization"},"potentialAction":[{"@type":"SearchAction","target":{"@type":"EntryPoint","urlTemplate":"https:\/\/www.revistarambla.com\/?s={search_term_string}"},"query-input":{"@type":"PropertyValueSpecification","valueRequired":true,"valueName":"search_term_string"}}],"inLanguage":"en-GB"},{"@type":"Organization","@id":"https:\/\/www.revistarambla.com\/#organization","name":"Revista Rambla","url":"https:\/\/www.revistarambla.com\/","logo":{"@type":"ImageObject","inLanguage":"en-GB","@id":"https:\/\/www.revistarambla.com\/#\/schema\/logo\/image\/","url":"https:\/\/www.revistarambla.com\/wp-content\/uploads\/2020\/09\/banner_rambla_1900x600_BB.png","contentUrl":"https:\/\/www.revistarambla.com\/wp-content\/uploads\/2020\/09\/banner_rambla_1900x600_BB.png","width":1900,"height":600,"caption":"Revista Rambla"},"image":{"@id":"https:\/\/www.revistarambla.com\/#\/schema\/logo\/image\/"},"sameAs":["https:\/\/www.facebook.com\/revistarambla\/","https:\/\/x.com\/revistarambla","https:\/\/www.instagram.com\/revista_rambla","https:\/\/es.linkedin.com\/company\/revista-rambla"]},{"@type":"Person","@id":"https:\/\/www.revistarambla.com\/#\/schema\/person\/a146a5a2550b94981a75131180e1bd9c","name":"R@mbla","description":"Este art\u00edculo ha sido redactado y\/o validado por el equipo de redacci\u00f3n de Revista Rambla.","sameAs":["https:\/\/www.revistarambla.com\/","https:\/\/www.facebook.com\/revistarambla","https:\/\/x.com\/revistarambla"]}]}},"_links":{"self":[{"href":"https:\/\/www.revistarambla.com\/en\/wp-json\/wp\/v2\/posts\/10053","targetHints":{"allow":["GET"]}}],"collection":[{"href":"https:\/\/www.revistarambla.com\/en\/wp-json\/wp\/v2\/posts"}],"about":[{"href":"https:\/\/www.revistarambla.com\/en\/wp-json\/wp\/v2\/types\/post"}],"author":[{"embeddable":true,"href":"https:\/\/www.revistarambla.com\/en\/wp-json\/wp\/v2\/users\/3"}],"replies":[{"embeddable":true,"href":"https:\/\/www.revistarambla.com\/en\/wp-json\/wp\/v2\/comments?post=10053"}],"version-history":[{"count":0,"href":"https:\/\/www.revistarambla.com\/en\/wp-json\/wp\/v2\/posts\/10053\/revisions"}],"wp:attachment":[{"href":"https:\/\/www.revistarambla.com\/en\/wp-json\/wp\/v2\/media?parent=10053"}],"wp:term":[{"taxonomy":"category","embeddable":true,"href":"https:\/\/www.revistarambla.com\/en\/wp-json\/wp\/v2\/categories?post=10053"},{"taxonomy":"post_tag","embeddable":true,"href":"https:\/\/www.revistarambla.com\/en\/wp-json\/wp\/v2\/tags?post=10053"}],"curies":[{"name":"wp","href":"https:\/\/api.w.org\/{rel}","templated":true}]}}