{"id":10040,"date":"2016-09-12T07:15:12","date_gmt":"2016-09-12T05:15:12","guid":{"rendered":"https:\/\/www.revistarambla.com\/?p=10040"},"modified":"2021-04-06T21:02:25","modified_gmt":"2021-04-06T19:02:25","slug":"que-la-impaciencia-no-nos-haga-perder-la-unidad","status":"publish","type":"post","link":"https:\/\/www.revistarambla.com\/en\/que-la-impaciencia-no-nos-haga-perder-la-unidad\/","title":{"rendered":"Que la impaciencia no nos haga perder la unidad"},"content":{"rendered":"<figure id=\"attachment_10042\" aria-describedby=\"caption-attachment-10042\" style=\"width: 700px\" class=\"wp-caption aligncenter\"><img decoding=\"async\" class=\"wp-image-10042 size-full\" src=\"https:\/\/www.revistarambla.com\/wp-content\/uploads\/2016\/09\/foto-1.jpg\" alt=\"foto-1\" width=\"700\" height=\"523\" srcset=\"https:\/\/www.revistarambla.com\/wp-content\/uploads\/2016\/09\/foto-1.jpg 700w, https:\/\/www.revistarambla.com\/wp-content\/uploads\/2016\/09\/foto-1-300x224.jpg 300w, https:\/\/www.revistarambla.com\/wp-content\/uploads\/2016\/09\/foto-1-500x374.jpg 500w, https:\/\/www.revistarambla.com\/wp-content\/uploads\/2016\/09\/foto-1-140x105.jpg 140w, https:\/\/www.revistarambla.com\/wp-content\/uploads\/2016\/09\/foto-1-326x245.jpg 326w, https:\/\/www.revistarambla.com\/wp-content\/uploads\/2016\/09\/foto-1-80x60.jpg 80w\" sizes=\"(max-width: 700px) 100vw, 700px\" \/><figcaption id=\"caption-attachment-10042\" class=\"wp-caption-text\">Diada de Catalunya: Foto Francesc Sans<\/figcaption><\/figure>\n<p>Otro a\u00f1o que las cifras volvieron a bailar en funci\u00f3n de la fuente: m\u00e1s de un mill\u00f3n de personas en conjunto seg\u00fan los organizadores, que vieron desbordadas sus previsiones de empleo en muchos tramos, y un poco menos, m\u00e1s de 800.000, seg\u00fan las autoridades locales. La delegaci\u00f3n del gobierno estatal las rebajaba a 370.000, menos a\u00fan de las que se terminaron inscribi\u00e9ndose en el registro previo del ANC. Se mire por donde se mire, en todo caso, otra vez se constata que la voluntad y la ilusi\u00f3n de que nazca un nuevo estado catal\u00e1n son firmes y persistentes, y que el proceso no tiene freno, ahora que el final se ve m\u00e1s cerca que nunca.<\/p>\n<p>Como es habitual, la Fiesta volvi\u00f3 a ser una gran fiesta c\u00edvica y reivindicativa, con multitud de actividades paralelas durante el d\u00eda y sin ning\u00fan incidente destacable, m\u00e1s all\u00e1 del calor, que oblig\u00f3 a hacer algunas atenciones, y las previsibles colas que se formaron para entrar y salir de las ciudades, sobre todo de Berga, la m\u00e1s peque\u00f1a. En todas partes hubo riadas de gente: el cauce del Segre en Lleida (120.000 personas seg\u00fan el ANC territorial; de 25.000 a 30.000 seg\u00fan el Ayuntamiento), la avenida de los Pa\u00edses Catalanes de Salt (entre 135.000 y 200.000), el paseo de la Paz de Berga (entre 60.000 y 80.000) y la rambla Nova de Tarragona (entre 50.000 y 110.000) acogieron la manifestaci\u00f3n m\u00e1s grande de su historia. En Barcelona, donde 540.000 asistentes seg\u00fan la Guardia Urbana ocuparon el paseo Llu\u00eds Companys y el de San Juan, la cifra se volvi\u00f3 a situar en lo m\u00e1s alto del ranking.<\/p>\n<p>\u00abNo dude en poner las urnas. Es el lenguaje que el mundo democr\u00e1tico entiende. Es el mejor instrumento para mantener el pa\u00eds como un solo pueblo. Todos aceptaremos el resultado de un refer\u00e9ndum por la independencia \u00ab, clam\u00f3 el presidente de la ANC, Jordi S\u00e1nchez. El escuchaba el Gobierno casi en pleno -s\u00f3lo Jordi Jan\u00e9 abstenerse de los actos para coordinar el dispositivo de seguridad-, con el presidente, Carles Puigdemont, en la primera fila de la manifestaci\u00f3n de Salt.<\/p>\n<figure id=\"attachment_10043\" aria-describedby=\"caption-attachment-10043\" style=\"width: 700px\" class=\"wp-caption aligncenter\"><img decoding=\"async\" class=\"wp-image-10043 size-full\" src=\"https:\/\/www.revistarambla.com\/wp-content\/uploads\/2016\/09\/foto-3.jpg\" alt=\"foto-3\" width=\"700\" height=\"464\" srcset=\"https:\/\/www.revistarambla.com\/wp-content\/uploads\/2016\/09\/foto-3.jpg 700w, https:\/\/www.revistarambla.com\/wp-content\/uploads\/2016\/09\/foto-3-300x199.jpg 300w, https:\/\/www.revistarambla.com\/wp-content\/uploads\/2016\/09\/foto-3-500x331.jpg 500w\" sizes=\"(max-width: 700px) 100vw, 700px\" \/><figcaption id=\"caption-attachment-10043\" class=\"wp-caption-text\">Carme Forcadell comiendo con militantes de ERC: Foto francesc Sans<\/figcaption><\/figure>\n<p>El ejecutivo y los independentistas comparten el objetivo final, pero la duda es la f\u00f3rmula para validar el proceso. Puigdemont ve con buenos ojos un refer\u00e9ndum que tambi\u00e9n avalan ERC y la CUP -el Gobierno est\u00e1 estudiando c\u00f3mo hacerlo local, pero el Partido Dem\u00f3crata Catal\u00e1n no genera consenso porque temen que ser\u00eda una repetici\u00f3n del 9-N. Tampoco los comunes ven clara una votaci\u00f3n que no cuente con el visto bueno del Estado. S\u00e1nchez dio margen a los partidos para que consens\u00faen la mejor v\u00eda para votar: \u00abEl proceso s\u00f3lo puede terminar bien si termina en las urnas. No dudamos que sabr\u00e1 decidir c\u00f3mo y cu\u00e1ndo \u00ab.<\/p>\n<p>Las entidades recalcaron que estar\u00e1n al lado del ejecutivo ante los embates judiciales del Estado: \u00abNo os fallaremos, y sabemos que ustedes no nos han fallado\u00bb, S\u00e1nchez, que mostr\u00f3 su apoyo a los imputados por haber convocado el 9-N ya la presidenta del Parlamento, Carme Forcadell, amenazada con la inhabilitaci\u00f3n por el Constitucional.<\/p>\n<p>Desconexi\u00f3n en verano \u00abNo fallaremos. El pueblo no falla. Si no fallamos unos y no fallamos los otros conseguiremos hacer realidad el sue\u00f1o de tanta gente \u00ab, respondi\u00f3 Puigdemont en declaraciones a TV3. El plan del presidente pasa por tener a punto la desconexi\u00f3n en el verano de 2017. Los partidos deber\u00e1n ponerse de acuerdo sobre cu\u00e1l es la mejor f\u00f3rmula para culminarla. Sin concretar si apuesta por el refer\u00e9ndum, el presidente calcul\u00f3 ante los corresponsales extranjeros que hacia el oto\u00f1o habr\u00e1 elecciones constituyentes. \u00abSi todo va bien, la Diada del a\u00f1o que viene ser\u00e9 presidente en funciones\u00bb.<\/p>\n<figure id=\"attachment_10044\" aria-describedby=\"caption-attachment-10044\" style=\"width: 700px\" class=\"wp-caption aligncenter\"><img decoding=\"async\" class=\"wp-image-10044 size-full\" src=\"https:\/\/www.revistarambla.com\/wp-content\/uploads\/2016\/09\/foto-6.jpg\" alt=\"foto-6\" width=\"700\" height=\"463\" srcset=\"https:\/\/www.revistarambla.com\/wp-content\/uploads\/2016\/09\/foto-6.jpg 700w, https:\/\/www.revistarambla.com\/wp-content\/uploads\/2016\/09\/foto-6-300x198.jpg 300w, https:\/\/www.revistarambla.com\/wp-content\/uploads\/2016\/09\/foto-6-500x331.jpg 500w\" sizes=\"(max-width: 700px) 100vw, 700px\" \/><figcaption id=\"caption-attachment-10044\" class=\"wp-caption-text\">Cada vez mas cerca aseguran las manifestantes: Foto Francesc Sans<\/figcaption><\/figure>\n<p>Antes de apostar por RUI -la votaci\u00f3n se definir\u00e1 entre octubre, con el debate de pol\u00edtica general, y el noviembre-, Puigdemont querr\u00e1 hacer evidente una vez m\u00e1s que el Estado se niega el refer\u00e9ndum. El d\u00eda 28, en la cuesti\u00f3n de confianza, lo volver\u00e1 a reclamar: \u00abSer\u00eda una f\u00f3rmula pol\u00edtica para responder al deseo de miles de personas que llevamos a\u00f1os de movilizaciones. Y ser\u00eda bueno para la pol\u00edtica espa\u00f1ola, se acabar\u00eda con el bloqueo \u00ab, explic\u00f3. Eso s\u00ed, no esperar\u00e1 a una respuesta para tirar por: \u00abLas urnas estar\u00e1n\u00bb.<\/p>\n<p>Sea cual sea la f\u00f3rmula final, el proceso ha vuelto a la pantalla del derecho a decidir, que genera el consenso del 80% de la poblaci\u00f3n. Lo ejemplifican la presencia de los comunes a la manifestaci\u00f3n -el a\u00f1o pasado, en plena campa\u00f1a electoral, no van ser- y las constantes llamadas a la unidad: \u00abDeteng\u00e1monos y reconozc\u00e1monos en la diferencia. Somos la unidad \u00ab, pedirles S\u00e1nchez.<\/p>\n<p>El recuerdo de la manifestaci\u00f3n de Sant Boi de 1976, la primera gran exhibici\u00f3n de fuerza del catalanismo, sirvi\u00f3 para reforzar la necesidad de construir grandes mayor\u00edas. Recordando el recientemente fallecido Jordi Carbonell y su \u00abque la prudencia no nos haga traidores\u00bb de aquella Diada, Jordi Cuixart, presidente de \u00d2mnium, pidi\u00f3 \u00abque la impaciencia no nos haga perder la unidad\u00bb.<\/p>\n<p>El clamor a la transversalidad, sin embargo, no hace perder de vista el objetivo final de las entidades, la independencia. \u00abHemos venido aqu\u00ed, que nadie lo dude, para ganar la Rep\u00fablica Catalana\u00bb, dej\u00f3 claro S\u00e1nchez, que defendi\u00f3 el derecho de los independentistas a ser impacientes. La impaciencia est\u00e1 presente en manifestantes que, tras cinco a\u00f1os de movilizaciones, quieren pasos efectivos hacia la desconexi\u00f3n. El Gobierno les prometi\u00f3 que la de ayer ser\u00eda la \u00faltima Diada auton\u00f3mica, pero la promesa ya se sinti\u00f3 el a\u00f1o pasado. El soberanismo volvi\u00f3 a demostrar en la calle su resiliencia: ahora les toca a los pol\u00edticos dar respuesta.<\/p>\n<p><img decoding=\"async\" class=\"size-full wp-image-10045 aligncenter\" src=\"https:\/\/www.revistarambla.com\/wp-content\/uploads\/2016\/09\/foto-5.jpg\" alt=\"foto-5\" width=\"700\" height=\"464\" srcset=\"https:\/\/www.revistarambla.com\/wp-content\/uploads\/2016\/09\/foto-5.jpg 700w, https:\/\/www.revistarambla.com\/wp-content\/uploads\/2016\/09\/foto-5-300x199.jpg 300w, https:\/\/www.revistarambla.com\/wp-content\/uploads\/2016\/09\/foto-5-500x331.jpg 500w\" sizes=\"(max-width: 700px) 100vw, 700px\" \/><\/p>","protected":false},"excerpt":{"rendered":"<p>Otro a\u00f1o que las cifras volvieron a bailar en funci\u00f3n de la fuente: m\u00e1s de un mill\u00f3n de personas en conjunto seg\u00fan los organizadores, que vieron desbordadas sus previsiones de empleo en muchos tramos, y un poco menos, m\u00e1s de 800.000, seg\u00fan las autoridades locales. La delegaci\u00f3n del gobierno estatal [&hellip;]<\/p>\n","protected":false},"author":3,"featured_media":10041,"comment_status":"open","ping_status":"open","sticky":false,"template":"","format":"standard","meta":{"footnotes":""},"categories":[3,76],"tags":[],"class_list":["post-10040","post","type-post","status-publish","format-standard","has-post-thumbnail","hentry","category-actualidad","category-barcelona"],"yoast_head":"<!-- This site is optimized with the Yoast SEO plugin v27.5 - https:\/\/yoast.com\/product\/yoast-seo-wordpress\/ -->\n<title>Que la impaciencia no nos haga perder la unidad - Revista Rambla<\/title>\n<meta name=\"robots\" content=\"index, follow, max-snippet:-1, max-image-preview:large, max-video-preview:-1\" \/>\n<link rel=\"canonical\" href=\"https:\/\/www.revistarambla.com\/en\/que-la-impaciencia-no-nos-haga-perder-la-unidad\/\" \/>\n<meta property=\"og:locale\" content=\"en_GB\" \/>\n<meta property=\"og:type\" content=\"article\" \/>\n<meta property=\"og:title\" content=\"Que la impaciencia no nos haga perder la unidad - Revista Rambla\" \/>\n<meta property=\"og:description\" content=\"Otro a\u00f1o que las cifras volvieron a bailar en funci\u00f3n de la fuente: m\u00e1s de un mill\u00f3n de personas en conjunto seg\u00fan los organizadores, que vieron desbordadas sus previsiones de empleo en muchos tramos, y un poco menos, m\u00e1s de 800.000, seg\u00fan las autoridades locales. La delegaci\u00f3n del gobierno estatal [&hellip;]\" \/>\n<meta property=\"og:url\" content=\"https:\/\/www.revistarambla.com\/en\/que-la-impaciencia-no-nos-haga-perder-la-unidad\/\" \/>\n<meta property=\"og:site_name\" content=\"Revista Rambla\" \/>\n<meta property=\"article:publisher\" content=\"https:\/\/www.facebook.com\/revistarambla\/\" \/>\n<meta property=\"article:author\" content=\"https:\/\/www.facebook.com\/revistarambla\" \/>\n<meta property=\"article:published_time\" content=\"2016-09-12T05:15:12+00:00\" \/>\n<meta property=\"article:modified_time\" content=\"2021-04-06T19:02:25+00:00\" \/>\n<meta property=\"og:image\" content=\"https:\/\/i1.wp.com\/www.revistarambla.com\/wp-content\/uploads\/2016\/09\/foto-2.jpg?fit=700%2C464&ssl=1\" \/>\n\t<meta property=\"og:image:width\" content=\"700\" \/>\n\t<meta property=\"og:image:height\" content=\"464\" \/>\n\t<meta property=\"og:image:type\" content=\"image\/jpeg\" \/>\n<meta name=\"author\" content=\"R@mbla\" \/>\n<meta name=\"twitter:card\" content=\"summary_large_image\" \/>\n<meta name=\"twitter:creator\" content=\"@revistarambla\" \/>\n<meta name=\"twitter:site\" content=\"@revistarambla\" \/>\n<meta name=\"twitter:label1\" content=\"Written by\" \/>\n\t<meta name=\"twitter:data1\" content=\"R@mbla\" \/>\n\t<meta name=\"twitter:label2\" content=\"Estimated reading time\" \/>\n\t<meta name=\"twitter:data2\" content=\"6 minutes\" \/>\n<script type=\"application\/ld+json\" class=\"yoast-schema-graph\">{\"@context\":\"https:\\\/\\\/schema.org\",\"@graph\":[{\"@type\":\"Article\",\"@id\":\"https:\\\/\\\/www.revistarambla.com\\\/que-la-impaciencia-no-nos-haga-perder-la-unidad\\\/#article\",\"isPartOf\":{\"@id\":\"https:\\\/\\\/www.revistarambla.com\\\/que-la-impaciencia-no-nos-haga-perder-la-unidad\\\/\"},\"author\":{\"name\":\"R@mbla\",\"@id\":\"https:\\\/\\\/www.revistarambla.com\\\/#\\\/schema\\\/person\\\/a146a5a2550b94981a75131180e1bd9c\"},\"headline\":\"Que la impaciencia no nos haga perder la unidad\",\"datePublished\":\"2016-09-12T05:15:12+00:00\",\"dateModified\":\"2021-04-06T19:02:25+00:00\",\"mainEntityOfPage\":{\"@id\":\"https:\\\/\\\/www.revistarambla.com\\\/que-la-impaciencia-no-nos-haga-perder-la-unidad\\\/\"},\"wordCount\":1054,\"commentCount\":0,\"publisher\":{\"@id\":\"https:\\\/\\\/www.revistarambla.com\\\/#organization\"},\"image\":{\"@id\":\"https:\\\/\\\/www.revistarambla.com\\\/que-la-impaciencia-no-nos-haga-perder-la-unidad\\\/#primaryimage\"},\"thumbnailUrl\":\"https:\\\/\\\/www.revistarambla.com\\\/wp-content\\\/uploads\\\/2016\\\/09\\\/foto-2.jpg\",\"articleSection\":[\"Actualidad\",\"Barcelona\"],\"inLanguage\":\"en-GB\",\"potentialAction\":[{\"@type\":\"CommentAction\",\"name\":\"Comment\",\"target\":[\"https:\\\/\\\/www.revistarambla.com\\\/que-la-impaciencia-no-nos-haga-perder-la-unidad\\\/#respond\"]}]},{\"@type\":\"WebPage\",\"@id\":\"https:\\\/\\\/www.revistarambla.com\\\/que-la-impaciencia-no-nos-haga-perder-la-unidad\\\/\",\"url\":\"https:\\\/\\\/www.revistarambla.com\\\/que-la-impaciencia-no-nos-haga-perder-la-unidad\\\/\",\"name\":\"Que la impaciencia no nos haga perder la unidad - Revista Rambla\",\"isPartOf\":{\"@id\":\"https:\\\/\\\/www.revistarambla.com\\\/#website\"},\"primaryImageOfPage\":{\"@id\":\"https:\\\/\\\/www.revistarambla.com\\\/que-la-impaciencia-no-nos-haga-perder-la-unidad\\\/#primaryimage\"},\"image\":{\"@id\":\"https:\\\/\\\/www.revistarambla.com\\\/que-la-impaciencia-no-nos-haga-perder-la-unidad\\\/#primaryimage\"},\"thumbnailUrl\":\"https:\\\/\\\/www.revistarambla.com\\\/wp-content\\\/uploads\\\/2016\\\/09\\\/foto-2.jpg\",\"datePublished\":\"2016-09-12T05:15:12+00:00\",\"dateModified\":\"2021-04-06T19:02:25+00:00\",\"breadcrumb\":{\"@id\":\"https:\\\/\\\/www.revistarambla.com\\\/que-la-impaciencia-no-nos-haga-perder-la-unidad\\\/#breadcrumb\"},\"inLanguage\":\"en-GB\",\"potentialAction\":[{\"@type\":\"ReadAction\",\"target\":[\"https:\\\/\\\/www.revistarambla.com\\\/que-la-impaciencia-no-nos-haga-perder-la-unidad\\\/\"]}]},{\"@type\":\"ImageObject\",\"inLanguage\":\"en-GB\",\"@id\":\"https:\\\/\\\/www.revistarambla.com\\\/que-la-impaciencia-no-nos-haga-perder-la-unidad\\\/#primaryimage\",\"url\":\"https:\\\/\\\/www.revistarambla.com\\\/wp-content\\\/uploads\\\/2016\\\/09\\\/foto-2.jpg\",\"contentUrl\":\"https:\\\/\\\/www.revistarambla.com\\\/wp-content\\\/uploads\\\/2016\\\/09\\\/foto-2.jpg\",\"width\":700,\"height\":464},{\"@type\":\"BreadcrumbList\",\"@id\":\"https:\\\/\\\/www.revistarambla.com\\\/que-la-impaciencia-no-nos-haga-perder-la-unidad\\\/#breadcrumb\",\"itemListElement\":[{\"@type\":\"ListItem\",\"position\":1,\"name\":\"Portada\",\"item\":\"https:\\\/\\\/www.revistarambla.com\\\/\"},{\"@type\":\"ListItem\",\"position\":2,\"name\":\"Que la impaciencia no nos haga perder la unidad\"}]},{\"@type\":\"WebSite\",\"@id\":\"https:\\\/\\\/www.revistarambla.com\\\/#website\",\"url\":\"https:\\\/\\\/www.revistarambla.com\\\/\",\"name\":\"Revista Rambla Barcelona\",\"description\":\"Periodismo independiente\",\"publisher\":{\"@id\":\"https:\\\/\\\/www.revistarambla.com\\\/#organization\"},\"potentialAction\":[{\"@type\":\"SearchAction\",\"target\":{\"@type\":\"EntryPoint\",\"urlTemplate\":\"https:\\\/\\\/www.revistarambla.com\\\/?s={search_term_string}\"},\"query-input\":{\"@type\":\"PropertyValueSpecification\",\"valueRequired\":true,\"valueName\":\"search_term_string\"}}],\"inLanguage\":\"en-GB\"},{\"@type\":\"Organization\",\"@id\":\"https:\\\/\\\/www.revistarambla.com\\\/#organization\",\"name\":\"Revista Rambla\",\"url\":\"https:\\\/\\\/www.revistarambla.com\\\/\",\"logo\":{\"@type\":\"ImageObject\",\"inLanguage\":\"en-GB\",\"@id\":\"https:\\\/\\\/www.revistarambla.com\\\/#\\\/schema\\\/logo\\\/image\\\/\",\"url\":\"https:\\\/\\\/www.revistarambla.com\\\/wp-content\\\/uploads\\\/2020\\\/09\\\/banner_rambla_1900x600_BB.png\",\"contentUrl\":\"https:\\\/\\\/www.revistarambla.com\\\/wp-content\\\/uploads\\\/2020\\\/09\\\/banner_rambla_1900x600_BB.png\",\"width\":1900,\"height\":600,\"caption\":\"Revista Rambla\"},\"image\":{\"@id\":\"https:\\\/\\\/www.revistarambla.com\\\/#\\\/schema\\\/logo\\\/image\\\/\"},\"sameAs\":[\"https:\\\/\\\/www.facebook.com\\\/revistarambla\\\/\",\"https:\\\/\\\/x.com\\\/revistarambla\",\"https:\\\/\\\/www.instagram.com\\\/revista_rambla\",\"https:\\\/\\\/es.linkedin.com\\\/company\\\/revista-rambla\"]},{\"@type\":\"Person\",\"@id\":\"https:\\\/\\\/www.revistarambla.com\\\/#\\\/schema\\\/person\\\/a146a5a2550b94981a75131180e1bd9c\",\"name\":\"R@mbla\",\"description\":\"Este art\u00edculo ha sido redactado y\\\/o validado por el equipo de redacci\u00f3n de Revista Rambla.\",\"sameAs\":[\"https:\\\/\\\/www.revistarambla.com\\\/\",\"https:\\\/\\\/www.facebook.com\\\/revistarambla\",\"https:\\\/\\\/x.com\\\/revistarambla\"]}]}<\/script>\n<!-- \/ Yoast SEO plugin. -->","yoast_head_json":{"title":"Que la impaciencia no nos haga perder la unidad - Revista Rambla","robots":{"index":"index","follow":"follow","max-snippet":"max-snippet:-1","max-image-preview":"max-image-preview:large","max-video-preview":"max-video-preview:-1"},"canonical":"https:\/\/www.revistarambla.com\/en\/que-la-impaciencia-no-nos-haga-perder-la-unidad\/","og_locale":"en_GB","og_type":"article","og_title":"Que la impaciencia no nos haga perder la unidad - Revista Rambla","og_description":"Otro a\u00f1o que las cifras volvieron a bailar en funci\u00f3n de la fuente: m\u00e1s de un mill\u00f3n de personas en conjunto seg\u00fan los organizadores, que vieron desbordadas sus previsiones de empleo en muchos tramos, y un poco menos, m\u00e1s de 800.000, seg\u00fan las autoridades locales. La delegaci\u00f3n del gobierno estatal [&hellip;]","og_url":"https:\/\/www.revistarambla.com\/en\/que-la-impaciencia-no-nos-haga-perder-la-unidad\/","og_site_name":"Revista Rambla","article_publisher":"https:\/\/www.facebook.com\/revistarambla\/","article_author":"https:\/\/www.facebook.com\/revistarambla","article_published_time":"2016-09-12T05:15:12+00:00","article_modified_time":"2021-04-06T19:02:25+00:00","og_image":[{"width":700,"height":464,"url":"https:\/\/i1.wp.com\/www.revistarambla.com\/wp-content\/uploads\/2016\/09\/foto-2.jpg?fit=700%2C464&ssl=1","type":"image\/jpeg"}],"author":"R@mbla","twitter_card":"summary_large_image","twitter_creator":"@revistarambla","twitter_site":"@revistarambla","twitter_misc":{"Written by":"R@mbla","Estimated reading time":"6 minutes"},"schema":{"@context":"https:\/\/schema.org","@graph":[{"@type":"Article","@id":"https:\/\/www.revistarambla.com\/que-la-impaciencia-no-nos-haga-perder-la-unidad\/#article","isPartOf":{"@id":"https:\/\/www.revistarambla.com\/que-la-impaciencia-no-nos-haga-perder-la-unidad\/"},"author":{"name":"R@mbla","@id":"https:\/\/www.revistarambla.com\/#\/schema\/person\/a146a5a2550b94981a75131180e1bd9c"},"headline":"Que la impaciencia no nos haga perder la unidad","datePublished":"2016-09-12T05:15:12+00:00","dateModified":"2021-04-06T19:02:25+00:00","mainEntityOfPage":{"@id":"https:\/\/www.revistarambla.com\/que-la-impaciencia-no-nos-haga-perder-la-unidad\/"},"wordCount":1054,"commentCount":0,"publisher":{"@id":"https:\/\/www.revistarambla.com\/#organization"},"image":{"@id":"https:\/\/www.revistarambla.com\/que-la-impaciencia-no-nos-haga-perder-la-unidad\/#primaryimage"},"thumbnailUrl":"https:\/\/www.revistarambla.com\/wp-content\/uploads\/2016\/09\/foto-2.jpg","articleSection":["Actualidad","Barcelona"],"inLanguage":"en-GB","potentialAction":[{"@type":"CommentAction","name":"Comment","target":["https:\/\/www.revistarambla.com\/que-la-impaciencia-no-nos-haga-perder-la-unidad\/#respond"]}]},{"@type":"WebPage","@id":"https:\/\/www.revistarambla.com\/que-la-impaciencia-no-nos-haga-perder-la-unidad\/","url":"https:\/\/www.revistarambla.com\/que-la-impaciencia-no-nos-haga-perder-la-unidad\/","name":"Que la impaciencia no nos haga perder la unidad - Revista Rambla","isPartOf":{"@id":"https:\/\/www.revistarambla.com\/#website"},"primaryImageOfPage":{"@id":"https:\/\/www.revistarambla.com\/que-la-impaciencia-no-nos-haga-perder-la-unidad\/#primaryimage"},"image":{"@id":"https:\/\/www.revistarambla.com\/que-la-impaciencia-no-nos-haga-perder-la-unidad\/#primaryimage"},"thumbnailUrl":"https:\/\/www.revistarambla.com\/wp-content\/uploads\/2016\/09\/foto-2.jpg","datePublished":"2016-09-12T05:15:12+00:00","dateModified":"2021-04-06T19:02:25+00:00","breadcrumb":{"@id":"https:\/\/www.revistarambla.com\/que-la-impaciencia-no-nos-haga-perder-la-unidad\/#breadcrumb"},"inLanguage":"en-GB","potentialAction":[{"@type":"ReadAction","target":["https:\/\/www.revistarambla.com\/que-la-impaciencia-no-nos-haga-perder-la-unidad\/"]}]},{"@type":"ImageObject","inLanguage":"en-GB","@id":"https:\/\/www.revistarambla.com\/que-la-impaciencia-no-nos-haga-perder-la-unidad\/#primaryimage","url":"https:\/\/www.revistarambla.com\/wp-content\/uploads\/2016\/09\/foto-2.jpg","contentUrl":"https:\/\/www.revistarambla.com\/wp-content\/uploads\/2016\/09\/foto-2.jpg","width":700,"height":464},{"@type":"BreadcrumbList","@id":"https:\/\/www.revistarambla.com\/que-la-impaciencia-no-nos-haga-perder-la-unidad\/#breadcrumb","itemListElement":[{"@type":"ListItem","position":1,"name":"Portada","item":"https:\/\/www.revistarambla.com\/"},{"@type":"ListItem","position":2,"name":"Que la impaciencia no nos haga perder la unidad"}]},{"@type":"WebSite","@id":"https:\/\/www.revistarambla.com\/#website","url":"https:\/\/www.revistarambla.com\/","name":"Revista Rambla Barcelona","description":"Periodismo independiente","publisher":{"@id":"https:\/\/www.revistarambla.com\/#organization"},"potentialAction":[{"@type":"SearchAction","target":{"@type":"EntryPoint","urlTemplate":"https:\/\/www.revistarambla.com\/?s={search_term_string}"},"query-input":{"@type":"PropertyValueSpecification","valueRequired":true,"valueName":"search_term_string"}}],"inLanguage":"en-GB"},{"@type":"Organization","@id":"https:\/\/www.revistarambla.com\/#organization","name":"Revista Rambla","url":"https:\/\/www.revistarambla.com\/","logo":{"@type":"ImageObject","inLanguage":"en-GB","@id":"https:\/\/www.revistarambla.com\/#\/schema\/logo\/image\/","url":"https:\/\/www.revistarambla.com\/wp-content\/uploads\/2020\/09\/banner_rambla_1900x600_BB.png","contentUrl":"https:\/\/www.revistarambla.com\/wp-content\/uploads\/2020\/09\/banner_rambla_1900x600_BB.png","width":1900,"height":600,"caption":"Revista Rambla"},"image":{"@id":"https:\/\/www.revistarambla.com\/#\/schema\/logo\/image\/"},"sameAs":["https:\/\/www.facebook.com\/revistarambla\/","https:\/\/x.com\/revistarambla","https:\/\/www.instagram.com\/revista_rambla","https:\/\/es.linkedin.com\/company\/revista-rambla"]},{"@type":"Person","@id":"https:\/\/www.revistarambla.com\/#\/schema\/person\/a146a5a2550b94981a75131180e1bd9c","name":"R@mbla","description":"Este art\u00edculo ha sido redactado y\/o validado por el equipo de redacci\u00f3n de Revista Rambla.","sameAs":["https:\/\/www.revistarambla.com\/","https:\/\/www.facebook.com\/revistarambla","https:\/\/x.com\/revistarambla"]}]}},"_links":{"self":[{"href":"https:\/\/www.revistarambla.com\/en\/wp-json\/wp\/v2\/posts\/10040","targetHints":{"allow":["GET"]}}],"collection":[{"href":"https:\/\/www.revistarambla.com\/en\/wp-json\/wp\/v2\/posts"}],"about":[{"href":"https:\/\/www.revistarambla.com\/en\/wp-json\/wp\/v2\/types\/post"}],"author":[{"embeddable":true,"href":"https:\/\/www.revistarambla.com\/en\/wp-json\/wp\/v2\/users\/3"}],"replies":[{"embeddable":true,"href":"https:\/\/www.revistarambla.com\/en\/wp-json\/wp\/v2\/comments?post=10040"}],"version-history":[{"count":0,"href":"https:\/\/www.revistarambla.com\/en\/wp-json\/wp\/v2\/posts\/10040\/revisions"}],"wp:featuredmedia":[{"embeddable":true,"href":"https:\/\/www.revistarambla.com\/en\/wp-json\/wp\/v2\/media\/10041"}],"wp:attachment":[{"href":"https:\/\/www.revistarambla.com\/en\/wp-json\/wp\/v2\/media?parent=10040"}],"wp:term":[{"taxonomy":"category","embeddable":true,"href":"https:\/\/www.revistarambla.com\/en\/wp-json\/wp\/v2\/categories?post=10040"},{"taxonomy":"post_tag","embeddable":true,"href":"https:\/\/www.revistarambla.com\/en\/wp-json\/wp\/v2\/tags?post=10040"}],"curies":[{"name":"wp","href":"https:\/\/api.w.org\/{rel}","templated":true}]}}