{"id":10031,"date":"2016-09-08T06:03:15","date_gmt":"2016-09-08T04:03:15","guid":{"rendered":"https:\/\/www.revistarambla.com\/?p=10031"},"modified":"2021-04-06T21:08:06","modified_gmt":"2021-04-06T19:08:06","slug":"el-president-puigdemont-recibido-con-protestas-en-la-universidad-de-barcelona","status":"publish","type":"post","link":"https:\/\/www.revistarambla.com\/en\/el-president-puigdemont-recibido-con-protestas-en-la-universidad-de-barcelona\/","title":{"rendered":"El president Puigdemont es recibido con protestas en la Universidad de Barcelona"},"content":{"rendered":"<p style=\"text-align: left;\">La central sindical CCOO convoc\u00f3 una protesta contra las pol\u00edticas del gobierno de la Generalitat que est\u00e1n ahogando, seg\u00fan los sindicalistas, las universidades p\u00fablicas catalanas. La protesta ocurri\u00f3 cuando Carles Puigdemont presid\u00eda el acto de inauguraci\u00f3n del curso acad\u00e9mico en el paraninfo de la UB.<\/p>\n<figure id=\"attachment_10033\" aria-describedby=\"caption-attachment-10033\" style=\"width: 700px\" class=\"wp-caption aligncenter\"><img decoding=\"async\" class=\"wp-image-10033 size-full\" src=\"https:\/\/www.revistarambla.com\/wp-content\/uploads\/2016\/09\/universidad-02.jpg\" alt=\"universidad-02\" width=\"700\" height=\"322\" srcset=\"https:\/\/www.revistarambla.com\/wp-content\/uploads\/2016\/09\/universidad-02.jpg 700w, https:\/\/www.revistarambla.com\/wp-content\/uploads\/2016\/09\/universidad-02-300x138.jpg 300w, https:\/\/www.revistarambla.com\/wp-content\/uploads\/2016\/09\/universidad-02-500x230.jpg 500w\" sizes=\"(max-width: 700px) 100vw, 700px\" \/><figcaption id=\"caption-attachment-10033\" class=\"wp-caption-text\">Inicio del curso Universidad Barcelona Foto: Francesc Sans<\/figcaption><\/figure>\n<p style=\"text-align: left;\">La <em>consellera<\/em> de Ense\u00f1anza de la Generalitat de Catalunya, <strong>Maritxell Ruiz<\/strong>, anunci\u00f3 un peque\u00f1o incremento de los recursos para la ense\u00f1anza en el curso 2016-17, incremento francamente insuficiente para la educaci\u00f3n en Catalunya que no recupera la dotaci\u00f3n de 2011. Ha aumentado el alumnado en 7.822 estudiantes, con lo que ser\u00e1n 1.570.011 los alumnos matriculados. La plantilla del profesorado se ha incrementado, respecto al curso pasado, en 798 nuevos contratados. Seg\u00fan <strong>CCOO<\/strong> aumento insuficiente, ya que hay un d\u00e9ficit de profesores en los centros p\u00fablicos que calculan en 7.000 docentes. Recordemos, por ejemplo, que la protestas de 2013 en la <strong>Universidad Aut\u00f3noma de Barcelona<\/strong> (UAB) que termin\u00f3 en la ocupaci\u00f3n del Rectorado, entre otras cosas, se opon\u00eda al despido 400 profesores por v\u00eda de no renovar sus contratos. La financiaci\u00f3n de las universidades se ha reducido en un 20 por ciento, mientras las tasas universitarias se han aumentado en el 66 por ciento. Catalunya tiene el triste honor de encabezar el ranquin espa\u00f1ol en recortes en las universidades p\u00fablicas, donde adem\u00e1s los derechos laborales y acad\u00e9micos est\u00e1n en franco retroceso.<\/p>\n<p style=\"text-align: left;\">CCOO denuncia que la <em>consellera <\/em>ha hecho caso omiso a las movilizaciones y reivindicaciones que llevaron a cabo las centrales sindicales y la comunidad educativa, donde se hicieron propuestas sobre formaci\u00f3n profesional, profesorado interino y sustituto, etc., en fin, medidas concretas para mejorar la calidad de la ense\u00f1anza en el marco de un sistema educativo inclusivo.<\/p>\n<p style=\"text-align: left;\"><strong>EL <em>PRESIDENT<\/em> RECIBIDO CON PITADA<\/strong><\/p>\n<p style=\"text-align: left;\">A las 10:30 h de la ma\u00f1ana del mi\u00e9rcoles d\u00eda 7 de septiembre de 2016, lleg\u00f3 el <em>president <\/em>de la Generalitat de Catalunya, <strong>Carles Puigdemont<\/strong>, para inaugurar el <strong>curso del sistema universitario catal\u00e1n<\/strong>. Acompa\u00f1ado, entre otros, por el <em>conseller <\/em>de Empresa y Conocimiento, <strong>Jordi Baiget<\/strong>, el rector de la Universidad de Barcelona (UB), <strong>D\u00eddac Ram\u00edrez<\/strong>, y los dem\u00e1s rectores de las universidades catalanas. El acto tuvo lugar en el Paraninfo del edificio hist\u00f3rico de la UB. En la puerta del sal\u00f3n de actos lo esperaban delegados sindicales de la <strong>Junta del Personal de Administraci\u00f3n y Servicios (PAS funcionarios)<\/strong> y del <strong>Comit\u00e9 de Empresa del PAS (laboral)<\/strong>. Al llegar la comitiva de autoridades, los sindicalistas irrumpieron en una sonora pitada con silbatos y bocinas para expresar su protesta por lo que ellos estiman un continuo castigo al servicio p\u00fablico de ense\u00f1anza, castigo y degradaci\u00f3n consistente en la disminuci\u00f3n presupuestaria, que no afecta por igual a la ense\u00f1anza concertada, que est\u00e1 saliendo mejor parada en la pol\u00edtica de recortes del <em>Govern<\/em> de la Generalitat, Y por la disminuci\u00f3n de plantillas, que desde hace cuatro a\u00f1os que no hay reposici\u00f3n de las mismas y, en el caso del PAS de la UB, son unas 400 plazas las que se han perdido, seg\u00fan nos dicen fuentes sindicales.<\/p>\n<p style=\"text-align: left;\">En un comunicado que los delegados del PAS hicieron llegar a la prensa, y que no pocos participantes en el acto recogieron, entre otras cosas dicen:<\/p>\n<p style=\"text-align: left;\"><strong>\u201cQue la pol\u00edtica de recortes \u2013injustos, in\u00fatiles y sesgados- dise\u00f1ada y ejecutada por el gobierno de la Generalitat de Catalunya \u2013con la connivencia del gobierno del Estado- es una de las peores agresiones a las universidades p\u00fablicas y su personal desde la transici\u00f3n democr\u00e1tica y est\u00e1 comportando el desmantelamiento del servicio p\u00fablico de educaci\u00f3n superior e investigaci\u00f3n de nuestro pa\u00eds. El gobierno de la Generalitat \u2013a iniciativa propia o siguiendo el ejemplo del gobierno del Estado- invade las competencias de las universidades para arrebatar derechos sociales y laborales, aumenta las tasas de manera desorbitada para convertir la universidad en un privilegio de los que se la puedan pagar, ahogando econ\u00f3micamente las universidades y vulnerando la autonom\u00eda universitaria, que es uno de los pilares b\u00e1sicos de organizaci\u00f3n del sistema universitario p\u00fablico\u201d<\/strong>.<\/p>\n<p style=\"text-align: left;\">Antes que diera comienzo el acto oficial en s\u00ed, los delegados pudieron entrar, en silencio, en la sala. All\u00ed tomaron la palabra los representantes sindicales. Por el Comit\u00e9 de Empresa del Pas (<strong>CCOO<\/strong>, <strong>UGT<\/strong>, <strong>CGT <\/strong>y <strong>CAU<\/strong>) lo hizo <strong>Jorge Perna<\/strong>, y por la Coordinadora de Universidades de CCOO, <strong>C\u00e9sar Mar\u00edn<\/strong>.<\/p>\n<p style=\"text-align: left;\"><strong>TIENDAS DE CAMPA\u00d1A EN <em>ENSENYAMENT<\/em><\/strong><\/p>\n<p style=\"text-align: left;\">Desde el pasado 1 de septiembre, hay una veintena de tiendas de campa\u00f1a delante de la sede del Departamento de Ense\u00f1anza de la Generalitat de Catalunya, que quedaron all\u00ed despu\u00e9s de la concentraci\u00f3n de protesta convocada por la<strong><em> Assemblea Groga <\/em><\/strong>(Asamblea Amarilla por la Ense\u00f1anza P\u00fablica). Con pancartas de la <strong>USTEC<\/strong>, <strong>CGT<\/strong>, <strong>CCOO <\/strong>y la <strong>UGT<\/strong>, los sindicatos del \u00e1mbito de la educaci\u00f3n hacen llegar a la <em>consellera <\/em>Maritxell Ruiz sus protestas. Entre otras cosas reclaman que el profesorado sustituto sea contratado y la reducci\u00f3n de la ratio de alumnos por aulas. Denuncian tambi\u00e9n que se est\u00e1 gastando un <strong>2,06 por ciento del PIB en educaci\u00f3n<\/strong>, cuando la Ley <strong>de Educaci\u00f3n de Catalunya (LEC) <\/strong>dice que este a\u00f1o se deber\u00eda llegar al <strong>6 por ciento<\/strong>. Es la propia Generalitat la no cumple con las leyes que dicta; tambi\u00e9n en la citada LEC se dice que la ratio de alumnos por aula nada m\u00e1s \u201cpermite\u201d superar en un 20 por ciento la ratio m\u00e1xima de 25 alumnos por clase en infantil-primaria, y de 30 en secundaria en una situaci\u00f3n de crecimiento sobrevenido de la poblaci\u00f3n escolar, y los docentes denuncian que no es as\u00ed y, cuando la <em>consellera<\/em> declara que ha bajado la ratio, lo hace con una peque\u00f1a trampa, sacando el promedio entre escuelas de peque\u00f1os pueblos con 12 o 15 alumnos por aula, con aulas llenas de alumnos de poblaciones medias y grandes.<\/p>\n<p style=\"text-align: left;\">Por todo ello, tanto sindicatos de la ense\u00f1anza, como las asociaciones c\u00edvicas por la ense\u00f1anza p\u00fablica y de calidad, tienen previsto hacer una <strong>concentraci\u00f3n el pr\u00f3ximo martes, 20 de septiembre, a las seis de la tarde en la plaza de Sant Jaume<\/strong>.<\/p>\n<p><img decoding=\"async\" class=\"size-full wp-image-10035 aligncenter\" src=\"https:\/\/www.revistarambla.com\/wp-content\/uploads\/2016\/09\/universidad-03.jpg\" alt=\"universidad-03\" width=\"700\" height=\"420\" srcset=\"https:\/\/www.revistarambla.com\/wp-content\/uploads\/2016\/09\/universidad-03.jpg 700w, https:\/\/www.revistarambla.com\/wp-content\/uploads\/2016\/09\/universidad-03-300x180.jpg 300w, https:\/\/www.revistarambla.com\/wp-content\/uploads\/2016\/09\/universidad-03-500x300.jpg 500w\" sizes=\"(max-width: 700px) 100vw, 700px\" \/><\/p>","protected":false},"excerpt":{"rendered":"<p>La central sindical CCOO convoc\u00f3 una protesta contra las pol\u00edticas del gobierno de la Generalitat que est\u00e1n ahogando, seg\u00fan los sindicalistas, las universidades p\u00fablicas catalanas. La protesta ocurri\u00f3 cuando Carles Puigdemont presid\u00eda el acto de inauguraci\u00f3n del curso acad\u00e9mico en el paraninfo de la UB. La consellera de Ense\u00f1anza de [&hellip;]<\/p>\n","protected":false},"author":3,"featured_media":10032,"comment_status":"open","ping_status":"open","sticky":false,"template":"","format":"standard","meta":{"footnotes":""},"categories":[3,76],"tags":[],"class_list":["post-10031","post","type-post","status-publish","format-standard","has-post-thumbnail","hentry","category-actualidad","category-barcelona"],"yoast_head":"<!-- This site is optimized with the Yoast SEO plugin v27.5 - https:\/\/yoast.com\/product\/yoast-seo-wordpress\/ -->\n<title>El president Puigdemont es recibido con protestas en la Universidad de Barcelona - Revista Rambla<\/title>\n<meta name=\"robots\" content=\"index, follow, max-snippet:-1, max-image-preview:large, max-video-preview:-1\" \/>\n<link rel=\"canonical\" href=\"https:\/\/www.revistarambla.com\/en\/el-president-puigdemont-recibido-con-protestas-en-la-universidad-de-barcelona\/\" \/>\n<meta property=\"og:locale\" content=\"en_GB\" \/>\n<meta property=\"og:type\" content=\"article\" \/>\n<meta property=\"og:title\" content=\"El president Puigdemont es recibido con protestas en la Universidad de Barcelona - Revista Rambla\" \/>\n<meta property=\"og:description\" content=\"La central sindical CCOO convoc\u00f3 una protesta contra las pol\u00edticas del gobierno de la Generalitat que est\u00e1n ahogando, seg\u00fan los sindicalistas, las universidades p\u00fablicas catalanas. La protesta ocurri\u00f3 cuando Carles Puigdemont presid\u00eda el acto de inauguraci\u00f3n del curso acad\u00e9mico en el paraninfo de la UB. La consellera de Ense\u00f1anza de [&hellip;]\" \/>\n<meta property=\"og:url\" content=\"https:\/\/www.revistarambla.com\/en\/el-president-puigdemont-recibido-con-protestas-en-la-universidad-de-barcelona\/\" \/>\n<meta property=\"og:site_name\" content=\"Revista Rambla\" \/>\n<meta property=\"article:publisher\" content=\"https:\/\/www.facebook.com\/revistarambla\/\" \/>\n<meta property=\"article:author\" content=\"https:\/\/www.facebook.com\/revistarambla\" \/>\n<meta property=\"article:published_time\" content=\"2016-09-08T04:03:15+00:00\" \/>\n<meta property=\"article:modified_time\" content=\"2021-04-06T19:08:06+00:00\" \/>\n<meta property=\"og:image\" content=\"https:\/\/i1.wp.com\/www.revistarambla.com\/wp-content\/uploads\/2016\/09\/universidad-01.jpg?fit=700%2C508&ssl=1\" \/>\n\t<meta property=\"og:image:width\" content=\"700\" \/>\n\t<meta property=\"og:image:height\" content=\"508\" \/>\n\t<meta property=\"og:image:type\" content=\"image\/jpeg\" \/>\n<meta name=\"author\" content=\"R@mbla\" \/>\n<meta name=\"twitter:card\" content=\"summary_large_image\" \/>\n<meta name=\"twitter:creator\" content=\"@revistarambla\" \/>\n<meta name=\"twitter:site\" content=\"@revistarambla\" \/>\n<meta name=\"twitter:label1\" content=\"Written by\" \/>\n\t<meta name=\"twitter:data1\" content=\"R@mbla\" \/>\n\t<meta name=\"twitter:label2\" content=\"Estimated reading time\" \/>\n\t<meta name=\"twitter:data2\" content=\"5 minutes\" \/>\n<script type=\"application\/ld+json\" class=\"yoast-schema-graph\">{\"@context\":\"https:\\\/\\\/schema.org\",\"@graph\":[{\"@type\":\"Article\",\"@id\":\"https:\\\/\\\/www.revistarambla.com\\\/el-president-puigdemont-recibido-con-protestas-en-la-universidad-de-barcelona\\\/#article\",\"isPartOf\":{\"@id\":\"https:\\\/\\\/www.revistarambla.com\\\/el-president-puigdemont-recibido-con-protestas-en-la-universidad-de-barcelona\\\/\"},\"author\":{\"name\":\"R@mbla\",\"@id\":\"https:\\\/\\\/www.revistarambla.com\\\/#\\\/schema\\\/person\\\/a146a5a2550b94981a75131180e1bd9c\"},\"headline\":\"El president Puigdemont es recibido con protestas en la Universidad de Barcelona\",\"datePublished\":\"2016-09-08T04:03:15+00:00\",\"dateModified\":\"2021-04-06T19:08:06+00:00\",\"mainEntityOfPage\":{\"@id\":\"https:\\\/\\\/www.revistarambla.com\\\/el-president-puigdemont-recibido-con-protestas-en-la-universidad-de-barcelona\\\/\"},\"wordCount\":1085,\"commentCount\":0,\"publisher\":{\"@id\":\"https:\\\/\\\/www.revistarambla.com\\\/#organization\"},\"image\":{\"@id\":\"https:\\\/\\\/www.revistarambla.com\\\/el-president-puigdemont-recibido-con-protestas-en-la-universidad-de-barcelona\\\/#primaryimage\"},\"thumbnailUrl\":\"https:\\\/\\\/www.revistarambla.com\\\/wp-content\\\/uploads\\\/2016\\\/09\\\/universidad-01.jpg\",\"articleSection\":[\"Actualidad\",\"Barcelona\"],\"inLanguage\":\"en-GB\",\"potentialAction\":[{\"@type\":\"CommentAction\",\"name\":\"Comment\",\"target\":[\"https:\\\/\\\/www.revistarambla.com\\\/el-president-puigdemont-recibido-con-protestas-en-la-universidad-de-barcelona\\\/#respond\"]}]},{\"@type\":\"WebPage\",\"@id\":\"https:\\\/\\\/www.revistarambla.com\\\/el-president-puigdemont-recibido-con-protestas-en-la-universidad-de-barcelona\\\/\",\"url\":\"https:\\\/\\\/www.revistarambla.com\\\/el-president-puigdemont-recibido-con-protestas-en-la-universidad-de-barcelona\\\/\",\"name\":\"El president Puigdemont es recibido con protestas en la Universidad de Barcelona - Revista Rambla\",\"isPartOf\":{\"@id\":\"https:\\\/\\\/www.revistarambla.com\\\/#website\"},\"primaryImageOfPage\":{\"@id\":\"https:\\\/\\\/www.revistarambla.com\\\/el-president-puigdemont-recibido-con-protestas-en-la-universidad-de-barcelona\\\/#primaryimage\"},\"image\":{\"@id\":\"https:\\\/\\\/www.revistarambla.com\\\/el-president-puigdemont-recibido-con-protestas-en-la-universidad-de-barcelona\\\/#primaryimage\"},\"thumbnailUrl\":\"https:\\\/\\\/www.revistarambla.com\\\/wp-content\\\/uploads\\\/2016\\\/09\\\/universidad-01.jpg\",\"datePublished\":\"2016-09-08T04:03:15+00:00\",\"dateModified\":\"2021-04-06T19:08:06+00:00\",\"breadcrumb\":{\"@id\":\"https:\\\/\\\/www.revistarambla.com\\\/el-president-puigdemont-recibido-con-protestas-en-la-universidad-de-barcelona\\\/#breadcrumb\"},\"inLanguage\":\"en-GB\",\"potentialAction\":[{\"@type\":\"ReadAction\",\"target\":[\"https:\\\/\\\/www.revistarambla.com\\\/el-president-puigdemont-recibido-con-protestas-en-la-universidad-de-barcelona\\\/\"]}]},{\"@type\":\"ImageObject\",\"inLanguage\":\"en-GB\",\"@id\":\"https:\\\/\\\/www.revistarambla.com\\\/el-president-puigdemont-recibido-con-protestas-en-la-universidad-de-barcelona\\\/#primaryimage\",\"url\":\"https:\\\/\\\/www.revistarambla.com\\\/wp-content\\\/uploads\\\/2016\\\/09\\\/universidad-01.jpg\",\"contentUrl\":\"https:\\\/\\\/www.revistarambla.com\\\/wp-content\\\/uploads\\\/2016\\\/09\\\/universidad-01.jpg\",\"width\":700,\"height\":508},{\"@type\":\"BreadcrumbList\",\"@id\":\"https:\\\/\\\/www.revistarambla.com\\\/el-president-puigdemont-recibido-con-protestas-en-la-universidad-de-barcelona\\\/#breadcrumb\",\"itemListElement\":[{\"@type\":\"ListItem\",\"position\":1,\"name\":\"Portada\",\"item\":\"https:\\\/\\\/www.revistarambla.com\\\/\"},{\"@type\":\"ListItem\",\"position\":2,\"name\":\"El president Puigdemont es recibido con protestas en la Universidad de Barcelona\"}]},{\"@type\":\"WebSite\",\"@id\":\"https:\\\/\\\/www.revistarambla.com\\\/#website\",\"url\":\"https:\\\/\\\/www.revistarambla.com\\\/\",\"name\":\"Revista Rambla Barcelona\",\"description\":\"Periodismo independiente\",\"publisher\":{\"@id\":\"https:\\\/\\\/www.revistarambla.com\\\/#organization\"},\"potentialAction\":[{\"@type\":\"SearchAction\",\"target\":{\"@type\":\"EntryPoint\",\"urlTemplate\":\"https:\\\/\\\/www.revistarambla.com\\\/?s={search_term_string}\"},\"query-input\":{\"@type\":\"PropertyValueSpecification\",\"valueRequired\":true,\"valueName\":\"search_term_string\"}}],\"inLanguage\":\"en-GB\"},{\"@type\":\"Organization\",\"@id\":\"https:\\\/\\\/www.revistarambla.com\\\/#organization\",\"name\":\"Revista Rambla\",\"url\":\"https:\\\/\\\/www.revistarambla.com\\\/\",\"logo\":{\"@type\":\"ImageObject\",\"inLanguage\":\"en-GB\",\"@id\":\"https:\\\/\\\/www.revistarambla.com\\\/#\\\/schema\\\/logo\\\/image\\\/\",\"url\":\"https:\\\/\\\/www.revistarambla.com\\\/wp-content\\\/uploads\\\/2020\\\/09\\\/banner_rambla_1900x600_BB.png\",\"contentUrl\":\"https:\\\/\\\/www.revistarambla.com\\\/wp-content\\\/uploads\\\/2020\\\/09\\\/banner_rambla_1900x600_BB.png\",\"width\":1900,\"height\":600,\"caption\":\"Revista Rambla\"},\"image\":{\"@id\":\"https:\\\/\\\/www.revistarambla.com\\\/#\\\/schema\\\/logo\\\/image\\\/\"},\"sameAs\":[\"https:\\\/\\\/www.facebook.com\\\/revistarambla\\\/\",\"https:\\\/\\\/x.com\\\/revistarambla\",\"https:\\\/\\\/www.instagram.com\\\/revista_rambla\",\"https:\\\/\\\/es.linkedin.com\\\/company\\\/revista-rambla\"]},{\"@type\":\"Person\",\"@id\":\"https:\\\/\\\/www.revistarambla.com\\\/#\\\/schema\\\/person\\\/a146a5a2550b94981a75131180e1bd9c\",\"name\":\"R@mbla\",\"description\":\"Este art\u00edculo ha sido redactado y\\\/o validado por el equipo de redacci\u00f3n de Revista Rambla.\",\"sameAs\":[\"https:\\\/\\\/www.revistarambla.com\\\/\",\"https:\\\/\\\/www.facebook.com\\\/revistarambla\",\"https:\\\/\\\/x.com\\\/revistarambla\"]}]}<\/script>\n<!-- \/ Yoast SEO plugin. -->","yoast_head_json":{"title":"El president Puigdemont es recibido con protestas en la Universidad de Barcelona - Revista Rambla","robots":{"index":"index","follow":"follow","max-snippet":"max-snippet:-1","max-image-preview":"max-image-preview:large","max-video-preview":"max-video-preview:-1"},"canonical":"https:\/\/www.revistarambla.com\/en\/el-president-puigdemont-recibido-con-protestas-en-la-universidad-de-barcelona\/","og_locale":"en_GB","og_type":"article","og_title":"El president Puigdemont es recibido con protestas en la Universidad de Barcelona - Revista Rambla","og_description":"La central sindical CCOO convoc\u00f3 una protesta contra las pol\u00edticas del gobierno de la Generalitat que est\u00e1n ahogando, seg\u00fan los sindicalistas, las universidades p\u00fablicas catalanas. La protesta ocurri\u00f3 cuando Carles Puigdemont presid\u00eda el acto de inauguraci\u00f3n del curso acad\u00e9mico en el paraninfo de la UB. La consellera de Ense\u00f1anza de [&hellip;]","og_url":"https:\/\/www.revistarambla.com\/en\/el-president-puigdemont-recibido-con-protestas-en-la-universidad-de-barcelona\/","og_site_name":"Revista Rambla","article_publisher":"https:\/\/www.facebook.com\/revistarambla\/","article_author":"https:\/\/www.facebook.com\/revistarambla","article_published_time":"2016-09-08T04:03:15+00:00","article_modified_time":"2021-04-06T19:08:06+00:00","og_image":[{"width":700,"height":508,"url":"https:\/\/i1.wp.com\/www.revistarambla.com\/wp-content\/uploads\/2016\/09\/universidad-01.jpg?fit=700%2C508&ssl=1","type":"image\/jpeg"}],"author":"R@mbla","twitter_card":"summary_large_image","twitter_creator":"@revistarambla","twitter_site":"@revistarambla","twitter_misc":{"Written by":"R@mbla","Estimated reading time":"5 minutes"},"schema":{"@context":"https:\/\/schema.org","@graph":[{"@type":"Article","@id":"https:\/\/www.revistarambla.com\/el-president-puigdemont-recibido-con-protestas-en-la-universidad-de-barcelona\/#article","isPartOf":{"@id":"https:\/\/www.revistarambla.com\/el-president-puigdemont-recibido-con-protestas-en-la-universidad-de-barcelona\/"},"author":{"name":"R@mbla","@id":"https:\/\/www.revistarambla.com\/#\/schema\/person\/a146a5a2550b94981a75131180e1bd9c"},"headline":"El president Puigdemont es recibido con protestas en la Universidad de Barcelona","datePublished":"2016-09-08T04:03:15+00:00","dateModified":"2021-04-06T19:08:06+00:00","mainEntityOfPage":{"@id":"https:\/\/www.revistarambla.com\/el-president-puigdemont-recibido-con-protestas-en-la-universidad-de-barcelona\/"},"wordCount":1085,"commentCount":0,"publisher":{"@id":"https:\/\/www.revistarambla.com\/#organization"},"image":{"@id":"https:\/\/www.revistarambla.com\/el-president-puigdemont-recibido-con-protestas-en-la-universidad-de-barcelona\/#primaryimage"},"thumbnailUrl":"https:\/\/www.revistarambla.com\/wp-content\/uploads\/2016\/09\/universidad-01.jpg","articleSection":["Actualidad","Barcelona"],"inLanguage":"en-GB","potentialAction":[{"@type":"CommentAction","name":"Comment","target":["https:\/\/www.revistarambla.com\/el-president-puigdemont-recibido-con-protestas-en-la-universidad-de-barcelona\/#respond"]}]},{"@type":"WebPage","@id":"https:\/\/www.revistarambla.com\/el-president-puigdemont-recibido-con-protestas-en-la-universidad-de-barcelona\/","url":"https:\/\/www.revistarambla.com\/el-president-puigdemont-recibido-con-protestas-en-la-universidad-de-barcelona\/","name":"El president Puigdemont es recibido con protestas en la Universidad de Barcelona - Revista Rambla","isPartOf":{"@id":"https:\/\/www.revistarambla.com\/#website"},"primaryImageOfPage":{"@id":"https:\/\/www.revistarambla.com\/el-president-puigdemont-recibido-con-protestas-en-la-universidad-de-barcelona\/#primaryimage"},"image":{"@id":"https:\/\/www.revistarambla.com\/el-president-puigdemont-recibido-con-protestas-en-la-universidad-de-barcelona\/#primaryimage"},"thumbnailUrl":"https:\/\/www.revistarambla.com\/wp-content\/uploads\/2016\/09\/universidad-01.jpg","datePublished":"2016-09-08T04:03:15+00:00","dateModified":"2021-04-06T19:08:06+00:00","breadcrumb":{"@id":"https:\/\/www.revistarambla.com\/el-president-puigdemont-recibido-con-protestas-en-la-universidad-de-barcelona\/#breadcrumb"},"inLanguage":"en-GB","potentialAction":[{"@type":"ReadAction","target":["https:\/\/www.revistarambla.com\/el-president-puigdemont-recibido-con-protestas-en-la-universidad-de-barcelona\/"]}]},{"@type":"ImageObject","inLanguage":"en-GB","@id":"https:\/\/www.revistarambla.com\/el-president-puigdemont-recibido-con-protestas-en-la-universidad-de-barcelona\/#primaryimage","url":"https:\/\/www.revistarambla.com\/wp-content\/uploads\/2016\/09\/universidad-01.jpg","contentUrl":"https:\/\/www.revistarambla.com\/wp-content\/uploads\/2016\/09\/universidad-01.jpg","width":700,"height":508},{"@type":"BreadcrumbList","@id":"https:\/\/www.revistarambla.com\/el-president-puigdemont-recibido-con-protestas-en-la-universidad-de-barcelona\/#breadcrumb","itemListElement":[{"@type":"ListItem","position":1,"name":"Portada","item":"https:\/\/www.revistarambla.com\/"},{"@type":"ListItem","position":2,"name":"El president Puigdemont es recibido con protestas en la Universidad de Barcelona"}]},{"@type":"WebSite","@id":"https:\/\/www.revistarambla.com\/#website","url":"https:\/\/www.revistarambla.com\/","name":"Revista Rambla Barcelona","description":"Periodismo independiente","publisher":{"@id":"https:\/\/www.revistarambla.com\/#organization"},"potentialAction":[{"@type":"SearchAction","target":{"@type":"EntryPoint","urlTemplate":"https:\/\/www.revistarambla.com\/?s={search_term_string}"},"query-input":{"@type":"PropertyValueSpecification","valueRequired":true,"valueName":"search_term_string"}}],"inLanguage":"en-GB"},{"@type":"Organization","@id":"https:\/\/www.revistarambla.com\/#organization","name":"Revista Rambla","url":"https:\/\/www.revistarambla.com\/","logo":{"@type":"ImageObject","inLanguage":"en-GB","@id":"https:\/\/www.revistarambla.com\/#\/schema\/logo\/image\/","url":"https:\/\/www.revistarambla.com\/wp-content\/uploads\/2020\/09\/banner_rambla_1900x600_BB.png","contentUrl":"https:\/\/www.revistarambla.com\/wp-content\/uploads\/2020\/09\/banner_rambla_1900x600_BB.png","width":1900,"height":600,"caption":"Revista Rambla"},"image":{"@id":"https:\/\/www.revistarambla.com\/#\/schema\/logo\/image\/"},"sameAs":["https:\/\/www.facebook.com\/revistarambla\/","https:\/\/x.com\/revistarambla","https:\/\/www.instagram.com\/revista_rambla","https:\/\/es.linkedin.com\/company\/revista-rambla"]},{"@type":"Person","@id":"https:\/\/www.revistarambla.com\/#\/schema\/person\/a146a5a2550b94981a75131180e1bd9c","name":"R@mbla","description":"Este art\u00edculo ha sido redactado y\/o validado por el equipo de redacci\u00f3n de Revista Rambla.","sameAs":["https:\/\/www.revistarambla.com\/","https:\/\/www.facebook.com\/revistarambla","https:\/\/x.com\/revistarambla"]}]}},"_links":{"self":[{"href":"https:\/\/www.revistarambla.com\/en\/wp-json\/wp\/v2\/posts\/10031","targetHints":{"allow":["GET"]}}],"collection":[{"href":"https:\/\/www.revistarambla.com\/en\/wp-json\/wp\/v2\/posts"}],"about":[{"href":"https:\/\/www.revistarambla.com\/en\/wp-json\/wp\/v2\/types\/post"}],"author":[{"embeddable":true,"href":"https:\/\/www.revistarambla.com\/en\/wp-json\/wp\/v2\/users\/3"}],"replies":[{"embeddable":true,"href":"https:\/\/www.revistarambla.com\/en\/wp-json\/wp\/v2\/comments?post=10031"}],"version-history":[{"count":0,"href":"https:\/\/www.revistarambla.com\/en\/wp-json\/wp\/v2\/posts\/10031\/revisions"}],"wp:featuredmedia":[{"embeddable":true,"href":"https:\/\/www.revistarambla.com\/en\/wp-json\/wp\/v2\/media\/10032"}],"wp:attachment":[{"href":"https:\/\/www.revistarambla.com\/en\/wp-json\/wp\/v2\/media?parent=10031"}],"wp:term":[{"taxonomy":"category","embeddable":true,"href":"https:\/\/www.revistarambla.com\/en\/wp-json\/wp\/v2\/categories?post=10031"},{"taxonomy":"post_tag","embeddable":true,"href":"https:\/\/www.revistarambla.com\/en\/wp-json\/wp\/v2\/tags?post=10031"}],"curies":[{"name":"wp","href":"https:\/\/api.w.org\/{rel}","templated":true}]}}