{"id":59,"count":469,"description":"<img class=\"aligncenter wp-image-21446 size-full\" src=\"https:\/\/www.revistarambla.com\/wp-content\/uploads\/2019\/11\/manilayetana14.jpg\" alt=\"noticias catalunya actualidad catalana revista rambla\" width=\"1134\" height=\"719\" \/>\r\n\r\nEn los \u00faltimos a\u00f1os, <strong>Catalunya<\/strong> ha sido un hervidero de<a href=\"https:\/\/www.revistarambla.com\/en\/category\/actualidad\/\"> noticias<\/a> que no siempre han respondido a la realidad social del pa\u00eds. <strong><em>Revista R@ambla<\/em> <\/strong>apuesta por la <strong>informaci\u00f3n valiente<\/strong> que desenmascara la situaci\u00f3n catalana sin tapujos. En esta secci\u00f3n te explicamos lo que ocurre en <strong>Catalunya<\/strong> sin cortarnos un pelo.","link":"https:\/\/www.revistarambla.com\/en\/actualidad\/catalunya\/","name":"Catalunya","slug":"catalunya","taxonomy":"category","parent":3,"meta":[],"yoast_head":"<!-- This site is optimized with the Yoast SEO plugin v27.5 - https:\/\/yoast.com\/product\/yoast-seo-wordpress\/ -->\n<title>Noticias de Catalunya - Revista Rambla Barcelona<\/title>\n<meta name=\"description\" content=\"En los \u00faltimos a\u00f1os, Catalunya ha sido un hervidero de noticias que no siempre han respondido a la realidad del pa\u00eds. Apostamos por la informaci\u00f3n valiente\" \/>\n<meta name=\"robots\" content=\"index, follow, max-snippet:-1, max-image-preview:large, max-video-preview:-1\" \/>\n<link rel=\"canonical\" href=\"https:\/\/www.revistarambla.com\/en\/actualidad\/catalunya\/\" \/>\n<meta property=\"og:locale\" content=\"en_GB\" \/>\n<meta property=\"og:type\" content=\"article\" \/>\n<meta property=\"og:title\" content=\"Noticias de Catalunya - Revista Rambla Barcelona\" \/>\n<meta property=\"og:description\" content=\"En los \u00faltimos a\u00f1os, Catalunya ha sido un hervidero de noticias que no siempre han respondido a la realidad del pa\u00eds. Apostamos por la informaci\u00f3n valiente\" \/>\n<meta property=\"og:url\" content=\"https:\/\/www.revistarambla.com\/en\/actualidad\/catalunya\/\" \/>\n<meta property=\"og:site_name\" content=\"Revista Rambla\" \/>\n<meta property=\"og:image\" content=\"https:\/\/www.revistarambla.com\/wp-content\/uploads\/2019\/11\/manilayetana14.jpg\" \/>\n<meta name=\"twitter:card\" content=\"summary_large_image\" \/>\n<meta name=\"twitter:site\" content=\"@revistarambla\" \/>\n<script type=\"application\/ld+json\" class=\"yoast-schema-graph\">{\"@context\":\"https:\\\/\\\/schema.org\",\"@graph\":[{\"@type\":\"CollectionPage\",\"@id\":\"https:\\\/\\\/www.revistarambla.com\\\/actualidad\\\/catalunya\\\/\",\"url\":\"https:\\\/\\\/www.revistarambla.com\\\/actualidad\\\/catalunya\\\/\",\"name\":\"Noticias de Catalunya - Revista Rambla Barcelona\",\"isPartOf\":{\"@id\":\"https:\\\/\\\/www.revistarambla.com\\\/#website\"},\"description\":\"En los \u00faltimos a\u00f1os, Catalunya ha sido un hervidero de noticias que no siempre han respondido a la realidad del pa\u00eds. Apostamos por la informaci\u00f3n valiente\",\"breadcrumb\":{\"@id\":\"https:\\\/\\\/www.revistarambla.com\\\/actualidad\\\/catalunya\\\/#breadcrumb\"},\"inLanguage\":\"en-GB\"},{\"@type\":\"BreadcrumbList\",\"@id\":\"https:\\\/\\\/www.revistarambla.com\\\/actualidad\\\/catalunya\\\/#breadcrumb\",\"itemListElement\":[{\"@type\":\"ListItem\",\"position\":1,\"name\":\"Portada\",\"item\":\"https:\\\/\\\/www.revistarambla.com\\\/\"},{\"@type\":\"ListItem\",\"position\":2,\"name\":\"Actualidad\",\"item\":\"https:\\\/\\\/www.revistarambla.com\\\/actualidad\\\/\"},{\"@type\":\"ListItem\",\"position\":3,\"name\":\"Catalunya\"}]},{\"@type\":\"WebSite\",\"@id\":\"https:\\\/\\\/www.revistarambla.com\\\/#website\",\"url\":\"https:\\\/\\\/www.revistarambla.com\\\/\",\"name\":\"Revista Rambla Barcelona\",\"description\":\"Periodismo independiente\",\"publisher\":{\"@id\":\"https:\\\/\\\/www.revistarambla.com\\\/#organization\"},\"potentialAction\":[{\"@type\":\"SearchAction\",\"target\":{\"@type\":\"EntryPoint\",\"urlTemplate\":\"https:\\\/\\\/www.revistarambla.com\\\/?s={search_term_string}\"},\"query-input\":{\"@type\":\"PropertyValueSpecification\",\"valueRequired\":true,\"valueName\":\"search_term_string\"}}],\"inLanguage\":\"en-GB\"},{\"@type\":\"Organization\",\"@id\":\"https:\\\/\\\/www.revistarambla.com\\\/#organization\",\"name\":\"Revista Rambla\",\"url\":\"https:\\\/\\\/www.revistarambla.com\\\/\",\"logo\":{\"@type\":\"ImageObject\",\"inLanguage\":\"en-GB\",\"@id\":\"https:\\\/\\\/www.revistarambla.com\\\/#\\\/schema\\\/logo\\\/image\\\/\",\"url\":\"https:\\\/\\\/www.revistarambla.com\\\/wp-content\\\/uploads\\\/2020\\\/09\\\/banner_rambla_1900x600_BB.png\",\"contentUrl\":\"https:\\\/\\\/www.revistarambla.com\\\/wp-content\\\/uploads\\\/2020\\\/09\\\/banner_rambla_1900x600_BB.png\",\"width\":1900,\"height\":600,\"caption\":\"Revista Rambla\"},\"image\":{\"@id\":\"https:\\\/\\\/www.revistarambla.com\\\/#\\\/schema\\\/logo\\\/image\\\/\"},\"sameAs\":[\"https:\\\/\\\/www.facebook.com\\\/revistarambla\\\/\",\"https:\\\/\\\/x.com\\\/revistarambla\",\"https:\\\/\\\/www.instagram.com\\\/revista_rambla\",\"https:\\\/\\\/es.linkedin.com\\\/company\\\/revista-rambla\"]}]}<\/script>\n<!-- \/ Yoast SEO plugin. -->","yoast_head_json":{"title":"Noticias de Catalunya - Revista Rambla Barcelona","description":"En los \u00faltimos a\u00f1os, Catalunya ha sido un hervidero de noticias que no siempre han respondido a la realidad del pa\u00eds. Apostamos por la informaci\u00f3n valiente","robots":{"index":"index","follow":"follow","max-snippet":"max-snippet:-1","max-image-preview":"max-image-preview:large","max-video-preview":"max-video-preview:-1"},"canonical":"https:\/\/www.revistarambla.com\/en\/actualidad\/catalunya\/","og_locale":"en_GB","og_type":"article","og_title":"Noticias de Catalunya - Revista Rambla Barcelona","og_description":"En los \u00faltimos a\u00f1os, Catalunya ha sido un hervidero de noticias que no siempre han respondido a la realidad del pa\u00eds. Apostamos por la informaci\u00f3n valiente","og_url":"https:\/\/www.revistarambla.com\/en\/actualidad\/catalunya\/","og_site_name":"Revista Rambla","og_image":[{"url":"https:\/\/www.revistarambla.com\/wp-content\/uploads\/2019\/11\/manilayetana14.jpg","type":"","width":"","height":""}],"twitter_card":"summary_large_image","twitter_site":"@revistarambla","schema":{"@context":"https:\/\/schema.org","@graph":[{"@type":"CollectionPage","@id":"https:\/\/www.revistarambla.com\/actualidad\/catalunya\/","url":"https:\/\/www.revistarambla.com\/actualidad\/catalunya\/","name":"Noticias de Catalunya - Revista Rambla Barcelona","isPartOf":{"@id":"https:\/\/www.revistarambla.com\/#website"},"description":"En los \u00faltimos a\u00f1os, Catalunya ha sido un hervidero de noticias que no siempre han respondido a la realidad del pa\u00eds. Apostamos por la informaci\u00f3n valiente","breadcrumb":{"@id":"https:\/\/www.revistarambla.com\/actualidad\/catalunya\/#breadcrumb"},"inLanguage":"en-GB"},{"@type":"BreadcrumbList","@id":"https:\/\/www.revistarambla.com\/actualidad\/catalunya\/#breadcrumb","itemListElement":[{"@type":"ListItem","position":1,"name":"Portada","item":"https:\/\/www.revistarambla.com\/"},{"@type":"ListItem","position":2,"name":"Actualidad","item":"https:\/\/www.revistarambla.com\/actualidad\/"},{"@type":"ListItem","position":3,"name":"Catalunya"}]},{"@type":"WebSite","@id":"https:\/\/www.revistarambla.com\/#website","url":"https:\/\/www.revistarambla.com\/","name":"Revista Rambla Barcelona","description":"Periodismo independiente","publisher":{"@id":"https:\/\/www.revistarambla.com\/#organization"},"potentialAction":[{"@type":"SearchAction","target":{"@type":"EntryPoint","urlTemplate":"https:\/\/www.revistarambla.com\/?s={search_term_string}"},"query-input":{"@type":"PropertyValueSpecification","valueRequired":true,"valueName":"search_term_string"}}],"inLanguage":"en-GB"},{"@type":"Organization","@id":"https:\/\/www.revistarambla.com\/#organization","name":"Revista Rambla","url":"https:\/\/www.revistarambla.com\/","logo":{"@type":"ImageObject","inLanguage":"en-GB","@id":"https:\/\/www.revistarambla.com\/#\/schema\/logo\/image\/","url":"https:\/\/www.revistarambla.com\/wp-content\/uploads\/2020\/09\/banner_rambla_1900x600_BB.png","contentUrl":"https:\/\/www.revistarambla.com\/wp-content\/uploads\/2020\/09\/banner_rambla_1900x600_BB.png","width":1900,"height":600,"caption":"Revista Rambla"},"image":{"@id":"https:\/\/www.revistarambla.com\/#\/schema\/logo\/image\/"},"sameAs":["https:\/\/www.facebook.com\/revistarambla\/","https:\/\/x.com\/revistarambla","https:\/\/www.instagram.com\/revista_rambla","https:\/\/es.linkedin.com\/company\/revista-rambla"]}]}},"_links":{"self":[{"href":"https:\/\/www.revistarambla.com\/en\/wp-json\/wp\/v2\/categories\/59","targetHints":{"allow":["GET"]}}],"collection":[{"href":"https:\/\/www.revistarambla.com\/en\/wp-json\/wp\/v2\/categories"}],"about":[{"href":"https:\/\/www.revistarambla.com\/en\/wp-json\/wp\/v2\/taxonomies\/category"}],"up":[{"embeddable":true,"href":"https:\/\/www.revistarambla.com\/en\/wp-json\/wp\/v2\/categories\/3"}],"wp:post_type":[{"href":"https:\/\/www.revistarambla.com\/en\/wp-json\/wp\/v2\/posts?categories=59"}],"curies":[{"name":"wp","href":"https:\/\/api.w.org\/{rel}","templated":true}]}}